{"id":4631,"date":"2016-03-02T16:44:03","date_gmt":"2016-03-02T16:44:03","guid":{"rendered":"https:\/\/turismocaravaca.wordpress.com\/?p=4631"},"modified":"2017-09-04T16:45:33","modified_gmt":"2017-09-04T16:45:33","slug":"el-dia-4-de-marzo-conferencia-en-la-casa-de-cultura-emilio-saez","status":"publish","type":"post","link":"https:\/\/www.turismocaravaca.com\/blog\/el-dia-4-de-marzo-conferencia-en-la-casa-de-cultura-emilio-saez\/","title":{"rendered":"El d\u00eda 4 de marzo conferencia en la Casa de Cultura Emilio S\u00e1ez"},"content":{"rendered":"<p>La psicolog\u00eda puede ayudarnos a serenar nuestra mente y a dotarnos de herramientas con las que enfrentarnos mejor a los problemas de la vida. A buen seguro que ser\u00e1 una conferencia muy interesante.<img loading=\"lazy\" decoding=\"async\" class=\"alignnone size-full wp-image-4632\" src=\"https:\/\/turismocaravaca.files.wordpress.com\/2016\/03\/conferencia-caravaca-mindfulness-2016.jpg\" alt=\"Conferencia Caravaca  Mindfulness 2016\" width=\"960\" height=\"720\" srcset=\"https:\/\/www.turismocaravaca.com\/blog\/wp-content\/uploads\/2016\/03\/conferencia-caravaca-mindfulness-2016.jpg 960w, https:\/\/www.turismocaravaca.com\/blog\/wp-content\/uploads\/2016\/03\/conferencia-caravaca-mindfulness-2016-300x225.jpg 300w\" sizes=\"(max-width: 960px) 100vw, 960px\" \/><\/p>\n","protected":false},"excerpt":{"rendered":"<p>La psicolog\u00eda puede ayudarnos a serenar nuestra mente y a dotarnos de herramientas con las que enfrentarnos mejor a los problemas de la vida. A buen seguro que ser\u00e1 una conferencia muy interesante.<\/p>\n","protected":false},"author":2,"featured_media":0,"comment_status":"open","ping_status":"open","sticky":false,"template":"","format":"standard","meta":{"footnotes":""},"categories":[2126,34],"tags":[],"class_list":["post-4631","post","type-post","status-publish","format-standard","hentry","category-espanol","category-uncategorized"],"_links":{"self":[{"href":"https:\/\/www.turismocaravaca.com\/blog\/wp-json\/wp\/v2\/posts\/4631"}],"collection":[{"href":"https:\/\/www.turismocaravaca.com\/blog\/wp-json\/wp\/v2\/posts"}],"about":[{"href":"https:\/\/www.turismocaravaca.com\/blog\/wp-json\/wp\/v2\/types\/post"}],"author":[{"embeddable":true,"href":"https:\/\/www.turismocaravaca.com\/blog\/wp-json\/wp\/v2\/users\/2"}],"replies":[{"embeddable":true,"href":"https:\/\/www.turismocaravaca.com\/blog\/wp-json\/wp\/v2\/comments?post=4631"}],"version-history":[{"count":1,"href":"https:\/\/www.turismocaravaca.com\/blog\/wp-json\/wp\/v2\/posts\/4631\/revisions"}],"predecessor-version":[{"id":6529,"href":"https:\/\/www.turismocaravaca.com\/blog\/wp-json\/wp\/v2\/posts\/4631\/revisions\/6529"}],"wp:attachment":[{"href":"https:\/\/www.turismocaravaca.com\/blog\/wp-json\/wp\/v2\/media?parent=4631"}],"wp:term":[{"taxonomy":"category","embeddable":true,"href":"https:\/\/www.turismocaravaca.com\/blog\/wp-json\/wp\/v2\/categories?post=4631"},{"taxonomy":"post_tag","embeddable":true,"href":"https:\/\/www.turismocaravaca.com\/blog\/wp-json\/wp\/v2\/tags?post=4631"}],"curies":[{"name":"wp","href":"https:\/\/api.w.org\/{rel}","templated":true}]}}