{"id":4638,"date":"2016-03-02T17:17:33","date_gmt":"2016-03-02T17:17:33","guid":{"rendered":"https:\/\/turismocaravaca.wordpress.com\/?p=4638"},"modified":"2017-09-04T16:45:33","modified_gmt":"2017-09-04T16:45:33","slug":"los-dias-4-y-5-de-marzo-tendran-lugar-unas-jornadas-gastronomicas-en-caravaca-de-la-cruz","status":"publish","type":"post","link":"https:\/\/www.turismocaravaca.com\/blog\/los-dias-4-y-5-de-marzo-tendran-lugar-unas-jornadas-gastronomicas-en-caravaca-de-la-cruz\/","title":{"rendered":"Los d\u00edas 4 y 5 de marzo tendr\u00e1n lugar unas jornadas gastron\u00f3micas en Caravaca de la Cruz"},"content":{"rendered":"<p>El viernes 4 y el s\u00e1bado 5 de marzo tendr\u00e1n lugar las V Jornadas Gastron\u00f3micas del Chato Murciano, Vinos de Bullas y Arroz Bomba, organizadas por la Sociedad Gastron\u00f3mica Caravaca de la Cruz y el Sal\u00f3n-Rte. Pedro Mar\u00edn.<\/p>\n<p>&nbsp;<\/p>\n<p><img loading=\"lazy\" decoding=\"async\" class=\"alignnone size-full wp-image-4648\" src=\"https:\/\/turismocaravaca.files.wordpress.com\/2016\/03\/jornadasgastronomicas.jpg\" alt=\"Imprimir\" width=\"1380\" height=\"1969\" srcset=\"https:\/\/www.turismocaravaca.com\/blog\/wp-content\/uploads\/2016\/03\/jornadasgastronomicas.jpg 1380w, https:\/\/www.turismocaravaca.com\/blog\/wp-content\/uploads\/2016\/03\/jornadasgastronomicas-210x300.jpg 210w, https:\/\/www.turismocaravaca.com\/blog\/wp-content\/uploads\/2016\/03\/jornadasgastronomicas-718x1024.jpg 718w\" sizes=\"(max-width: 1380px) 100vw, 1380px\" \/><\/p>\n","protected":false},"excerpt":{"rendered":"<p>El viernes 4 y el s\u00e1bado 5 de marzo tendr\u00e1n lugar las V Jornadas Gastron\u00f3micas del Chato Murciano, Vinos de Bullas y Arroz Bomba, organizadas por la Sociedad Gastron\u00f3mica Caravaca de la Cruz y el Sal\u00f3n-Rte. Pedro Mar\u00edn. &nbsp;<\/p>\n","protected":false},"author":2,"featured_media":0,"comment_status":"open","ping_status":"open","sticky":false,"template":"","format":"standard","meta":{"footnotes":""},"categories":[2126,34],"tags":[],"class_list":["post-4638","post","type-post","status-publish","format-standard","hentry","category-espanol","category-uncategorized"],"_links":{"self":[{"href":"https:\/\/www.turismocaravaca.com\/blog\/wp-json\/wp\/v2\/posts\/4638"}],"collection":[{"href":"https:\/\/www.turismocaravaca.com\/blog\/wp-json\/wp\/v2\/posts"}],"about":[{"href":"https:\/\/www.turismocaravaca.com\/blog\/wp-json\/wp\/v2\/types\/post"}],"author":[{"embeddable":true,"href":"https:\/\/www.turismocaravaca.com\/blog\/wp-json\/wp\/v2\/users\/2"}],"replies":[{"embeddable":true,"href":"https:\/\/www.turismocaravaca.com\/blog\/wp-json\/wp\/v2\/comments?post=4638"}],"version-history":[{"count":1,"href":"https:\/\/www.turismocaravaca.com\/blog\/wp-json\/wp\/v2\/posts\/4638\/revisions"}],"predecessor-version":[{"id":6528,"href":"https:\/\/www.turismocaravaca.com\/blog\/wp-json\/wp\/v2\/posts\/4638\/revisions\/6528"}],"wp:attachment":[{"href":"https:\/\/www.turismocaravaca.com\/blog\/wp-json\/wp\/v2\/media?parent=4638"}],"wp:term":[{"taxonomy":"category","embeddable":true,"href":"https:\/\/www.turismocaravaca.com\/blog\/wp-json\/wp\/v2\/categories?post=4638"},{"taxonomy":"post_tag","embeddable":true,"href":"https:\/\/www.turismocaravaca.com\/blog\/wp-json\/wp\/v2\/tags?post=4638"}],"curies":[{"name":"wp","href":"https:\/\/api.w.org\/{rel}","templated":true}]}}