{"id":4661,"date":"2016-03-02T18:34:45","date_gmt":"2016-03-02T18:34:45","guid":{"rendered":"https:\/\/turismocaravaca.wordpress.com\/?p=4661"},"modified":"2017-09-04T16:45:33","modified_gmt":"2017-09-04T16:45:33","slug":"xv-travesia-de-resistencia-en-montana-sierras-del-noroeste-murciano","status":"publish","type":"post","link":"https:\/\/www.turismocaravaca.com\/blog\/xv-travesia-de-resistencia-en-montana-sierras-del-noroeste-murciano\/","title":{"rendered":"XV Traves\u00eda de Resistencia en Monta\u00f1a \u2018Sierras del Noroeste Murciano\u2019"},"content":{"rendered":"<p>Este s\u00e1bado, 5 de marzo, se celebra la XV Traves\u00eda de Resistencia en Monta\u00f1a \u00abSierras del Noroeste Murciano\u00bb, organizada por la Asociaci\u00f3n Deportiva Adenow.<\/p>\n<p>La traves\u00eda tendr\u00e1 una duraci\u00f3n de 13 horas, partiendo de Caravaca de la Cruz y culminando en la pedan\u00eda moratallera del Calar de la Santa tras recorrer 40 km.<\/p>\n<p><img loading=\"lazy\" decoding=\"async\" class=\"alignnone size-full wp-image-4667\" src=\"https:\/\/turismocaravaca.files.wordpress.com\/2016\/03\/travesc2a1a-adenow.jpg\" alt=\"Traves+\u00a1a Adenow\" width=\"1456\" height=\"2048\" srcset=\"https:\/\/www.turismocaravaca.com\/blog\/wp-content\/uploads\/2016\/03\/travesc2a1a-adenow.jpg 1456w, https:\/\/www.turismocaravaca.com\/blog\/wp-content\/uploads\/2016\/03\/travesc2a1a-adenow-213x300.jpg 213w, https:\/\/www.turismocaravaca.com\/blog\/wp-content\/uploads\/2016\/03\/travesc2a1a-adenow-728x1024.jpg 728w\" sizes=\"(max-width: 1456px) 100vw, 1456px\" \/><\/p>\n","protected":false},"excerpt":{"rendered":"<p>Este s\u00e1bado, 5 de marzo, se celebra la XV Traves\u00eda de Resistencia en Monta\u00f1a \u00abSierras del Noroeste Murciano\u00bb, organizada por la Asociaci\u00f3n Deportiva Adenow. La traves\u00eda tendr\u00e1 una duraci\u00f3n de 13 horas, partiendo de Caravaca de la Cruz y culminando en la pedan\u00eda moratallera del Calar de la Santa tras recorrer 40 km.<\/p>\n","protected":false},"author":2,"featured_media":0,"comment_status":"open","ping_status":"open","sticky":false,"template":"","format":"standard","meta":{"footnotes":""},"categories":[2126,34],"tags":[],"class_list":["post-4661","post","type-post","status-publish","format-standard","hentry","category-espanol","category-uncategorized"],"_links":{"self":[{"href":"https:\/\/www.turismocaravaca.com\/blog\/wp-json\/wp\/v2\/posts\/4661"}],"collection":[{"href":"https:\/\/www.turismocaravaca.com\/blog\/wp-json\/wp\/v2\/posts"}],"about":[{"href":"https:\/\/www.turismocaravaca.com\/blog\/wp-json\/wp\/v2\/types\/post"}],"author":[{"embeddable":true,"href":"https:\/\/www.turismocaravaca.com\/blog\/wp-json\/wp\/v2\/users\/2"}],"replies":[{"embeddable":true,"href":"https:\/\/www.turismocaravaca.com\/blog\/wp-json\/wp\/v2\/comments?post=4661"}],"version-history":[{"count":1,"href":"https:\/\/www.turismocaravaca.com\/blog\/wp-json\/wp\/v2\/posts\/4661\/revisions"}],"predecessor-version":[{"id":6526,"href":"https:\/\/www.turismocaravaca.com\/blog\/wp-json\/wp\/v2\/posts\/4661\/revisions\/6526"}],"wp:attachment":[{"href":"https:\/\/www.turismocaravaca.com\/blog\/wp-json\/wp\/v2\/media?parent=4661"}],"wp:term":[{"taxonomy":"category","embeddable":true,"href":"https:\/\/www.turismocaravaca.com\/blog\/wp-json\/wp\/v2\/categories?post=4661"},{"taxonomy":"post_tag","embeddable":true,"href":"https:\/\/www.turismocaravaca.com\/blog\/wp-json\/wp\/v2\/tags?post=4661"}],"curies":[{"name":"wp","href":"https:\/\/api.w.org\/{rel}","templated":true}]}}