{"id":4677,"date":"2016-03-03T10:39:48","date_gmt":"2016-03-03T10:39:48","guid":{"rendered":"https:\/\/turismocaravaca.wordpress.com\/?p=4677"},"modified":"2017-09-04T16:45:33","modified_gmt":"2017-09-04T16:45:33","slug":"del-4-al-6-de-marzo-ii-outlet-caravaca-de-la-cruz","status":"publish","type":"post","link":"https:\/\/www.turismocaravaca.com\/blog\/del-4-al-6-de-marzo-ii-outlet-caravaca-de-la-cruz\/","title":{"rendered":"Del 4 al 6 de marzo \u2018II Outlet Caravaca de la Cruz\u2019."},"content":{"rendered":"<p style=\"text-align:justify;\">Los pr\u00f3ximos d\u00edas 4, 5 y 6 de marzo, la Concejal\u00eda de Comercio del Ayuntamiento de Caravaca de la Cruz y la Asociaci\u00f3n de Comerciantes y Hosteleros celebran el \u2018II Outlet Caravaca de la Cruz\u2019. Este evento reunir\u00e1 a m\u00e1s de medio centenar de comercios, repartidos en 70 stands, situados en la avenida de la Constituci\u00f3n (prolongaci\u00f3n de la Gran V\u00eda).<\/p>\n<p style=\"text-align:justify;\">El horario de apertura al p\u00fablico ser\u00e1 de 10.00 a 21.00 horas, de forma continuada. Los visitantes podr\u00e1n beneficiarse de descuentos del 60, 70 y 80% en una amplia gama servicios y productos de primeras marcas, como los relacionados con los sectores de la moda, calzado, inform\u00e1tica, perfumer\u00eda, menaje, automoci\u00f3n y \u00f3ptica, entre otros.<\/p>\n<p style=\"text-align:justify;\">Este II Outlet contar\u00e1 con una zona infantil y el Ayuntamiento engalanar\u00e1 con banderines el espacio destinado a la feria y lo iluminar\u00e1 de una manera especial. Asimismo un plan de seguridad y tr\u00e1fico regular\u00e1 la zona los tres d\u00edas de apertura.<\/p>\n<p style=\"text-align:justify;\">Una magn\u00edfica oportunidad para comprar obteniendo grandes descuentos potenciando al mismo tiempo el comercio local.<\/p>\n<p style=\"text-align:justify;\">\n<p style=\"text-align:justify;\"><img loading=\"lazy\" decoding=\"async\" class=\"alignnone size-full wp-image-4681\" src=\"https:\/\/turismocaravaca.files.wordpress.com\/2016\/03\/carteliioutlet.jpg\" alt=\"CartelIIOUTLET\" width=\"2974\" height=\"4155\" srcset=\"https:\/\/www.turismocaravaca.com\/blog\/wp-content\/uploads\/2016\/03\/carteliioutlet.jpg 2974w, https:\/\/www.turismocaravaca.com\/blog\/wp-content\/uploads\/2016\/03\/carteliioutlet-215x300.jpg 215w, https:\/\/www.turismocaravaca.com\/blog\/wp-content\/uploads\/2016\/03\/carteliioutlet-733x1024.jpg 733w\" sizes=\"(max-width: 2974px) 100vw, 2974px\" \/><\/p>\n","protected":false},"excerpt":{"rendered":"<p>Los pr\u00f3ximos d\u00edas 4, 5 y 6 de marzo, la Concejal\u00eda de Comercio del Ayuntamiento de Caravaca de la Cruz y la Asociaci\u00f3n de Comerciantes y Hosteleros celebran el \u2018II Outlet Caravaca de la Cruz\u2019. Este evento reunir\u00e1 a m\u00e1s de medio centenar de comercios, repartidos en 70 stands, situados en la avenida de la [&hellip;]<\/p>\n","protected":false},"author":2,"featured_media":0,"comment_status":"open","ping_status":"open","sticky":false,"template":"","format":"standard","meta":{"footnotes":""},"categories":[2126,34],"tags":[],"class_list":["post-4677","post","type-post","status-publish","format-standard","hentry","category-espanol","category-uncategorized"],"_links":{"self":[{"href":"https:\/\/www.turismocaravaca.com\/blog\/wp-json\/wp\/v2\/posts\/4677"}],"collection":[{"href":"https:\/\/www.turismocaravaca.com\/blog\/wp-json\/wp\/v2\/posts"}],"about":[{"href":"https:\/\/www.turismocaravaca.com\/blog\/wp-json\/wp\/v2\/types\/post"}],"author":[{"embeddable":true,"href":"https:\/\/www.turismocaravaca.com\/blog\/wp-json\/wp\/v2\/users\/2"}],"replies":[{"embeddable":true,"href":"https:\/\/www.turismocaravaca.com\/blog\/wp-json\/wp\/v2\/comments?post=4677"}],"version-history":[{"count":1,"href":"https:\/\/www.turismocaravaca.com\/blog\/wp-json\/wp\/v2\/posts\/4677\/revisions"}],"predecessor-version":[{"id":6524,"href":"https:\/\/www.turismocaravaca.com\/blog\/wp-json\/wp\/v2\/posts\/4677\/revisions\/6524"}],"wp:attachment":[{"href":"https:\/\/www.turismocaravaca.com\/blog\/wp-json\/wp\/v2\/media?parent=4677"}],"wp:term":[{"taxonomy":"category","embeddable":true,"href":"https:\/\/www.turismocaravaca.com\/blog\/wp-json\/wp\/v2\/categories?post=4677"},{"taxonomy":"post_tag","embeddable":true,"href":"https:\/\/www.turismocaravaca.com\/blog\/wp-json\/wp\/v2\/tags?post=4677"}],"curies":[{"name":"wp","href":"https:\/\/api.w.org\/{rel}","templated":true}]}}