{"id":4690,"date":"2016-03-08T16:15:08","date_gmt":"2016-03-08T16:15:08","guid":{"rendered":"https:\/\/turismocaravaca.wordpress.com\/?p=4690"},"modified":"2017-09-04T16:46:04","modified_gmt":"2017-09-04T16:46:04","slug":"cartel-y-programa-de-la-semana-santa-2016-de-caravaca-de-la-cruz","status":"publish","type":"post","link":"https:\/\/www.turismocaravaca.com\/blog\/cartel-y-programa-de-la-semana-santa-2016-de-caravaca-de-la-cruz\/","title":{"rendered":"Cartel y programa de la Semana Santa 2016 de Caravaca de la Cruz"},"content":{"rendered":"<p style=\"text-align:justify;\"><img loading=\"lazy\" decoding=\"async\" class=\"alignnone size-full wp-image-4693\" src=\"https:\/\/turismocaravaca.files.wordpress.com\/2016\/03\/cartel-semana_santa_caravaca-2.jpg\" alt=\"Cartel semana_santa_caravaca-2\" width=\"630\" height=\"960\" srcset=\"https:\/\/www.turismocaravaca.com\/blog\/wp-content\/uploads\/2016\/03\/cartel-semana_santa_caravaca-2.jpg 630w, https:\/\/www.turismocaravaca.com\/blog\/wp-content\/uploads\/2016\/03\/cartel-semana_santa_caravaca-2-197x300.jpg 197w\" sizes=\"(max-width: 630px) 100vw, 630px\" \/><\/p>\n<p style=\"text-align:justify;\">Aqu\u00ed ten\u00e9is el cartel de la Semana Santa de este a\u00f1o de Caravaca de la Cruz, obra de L\u00e1ser-Fot\u00f3grafos. Tambi\u00e9n os adjuntamos el programa de Procesiones y Oficios.<\/p>\n<div id='gallery-1' class='gallery galleryid-4690 gallery-columns-3 gallery-size-thumbnail'><figure class='gallery-item'>\n\t\t\t<div class='gallery-icon landscape'>\n\t\t\t\t<a href='https:\/\/www.turismocaravaca.com\/blog\/cartel-y-programa-de-la-semana-santa-2016-de-caravaca-de-la-cruz\/programa-semana-santa-2016-a\/'><img loading=\"lazy\" decoding=\"async\" width=\"150\" height=\"150\" src=\"https:\/\/www.turismocaravaca.com\/blog\/wp-content\/uploads\/2016\/03\/programa-semana-santa-2016-a-150x150.jpg\" class=\"attachment-thumbnail size-thumbnail\" alt=\"\" \/><\/a>\n\t\t\t<\/div><\/figure><figure class='gallery-item'>\n\t\t\t<div class='gallery-icon landscape'>\n\t\t\t\t<a href='https:\/\/www.turismocaravaca.com\/blog\/cartel-y-programa-de-la-semana-santa-2016-de-caravaca-de-la-cruz\/programa-semana-santa-2016-b\/'><img loading=\"lazy\" decoding=\"async\" width=\"150\" height=\"150\" src=\"https:\/\/www.turismocaravaca.com\/blog\/wp-content\/uploads\/2016\/03\/programa-semana-santa-2016-b-150x150.jpg\" class=\"attachment-thumbnail size-thumbnail\" alt=\"\" \/><\/a>\n\t\t\t<\/div><\/figure>\n\t\t<\/div>\n\n<p>&nbsp;<\/p>\n","protected":false},"excerpt":{"rendered":"<p>Aqu\u00ed ten\u00e9is el cartel de la Semana Santa de este a\u00f1o de Caravaca de la Cruz, obra de L\u00e1ser-Fot\u00f3grafos. Tambi\u00e9n os adjuntamos el programa de Procesiones y Oficios. &nbsp;<\/p>\n","protected":false},"author":2,"featured_media":4693,"comment_status":"open","ping_status":"open","sticky":false,"template":"","format":"standard","meta":{"footnotes":""},"categories":[2126,34],"tags":[],"class_list":["post-4690","post","type-post","status-publish","format-standard","has-post-thumbnail","hentry","category-espanol","category-uncategorized"],"_links":{"self":[{"href":"https:\/\/www.turismocaravaca.com\/blog\/wp-json\/wp\/v2\/posts\/4690"}],"collection":[{"href":"https:\/\/www.turismocaravaca.com\/blog\/wp-json\/wp\/v2\/posts"}],"about":[{"href":"https:\/\/www.turismocaravaca.com\/blog\/wp-json\/wp\/v2\/types\/post"}],"author":[{"embeddable":true,"href":"https:\/\/www.turismocaravaca.com\/blog\/wp-json\/wp\/v2\/users\/2"}],"replies":[{"embeddable":true,"href":"https:\/\/www.turismocaravaca.com\/blog\/wp-json\/wp\/v2\/comments?post=4690"}],"version-history":[{"count":1,"href":"https:\/\/www.turismocaravaca.com\/blog\/wp-json\/wp\/v2\/posts\/4690\/revisions"}],"predecessor-version":[{"id":6575,"href":"https:\/\/www.turismocaravaca.com\/blog\/wp-json\/wp\/v2\/posts\/4690\/revisions\/6575"}],"wp:featuredmedia":[{"embeddable":true,"href":"https:\/\/www.turismocaravaca.com\/blog\/wp-json\/wp\/v2\/media\/4693"}],"wp:attachment":[{"href":"https:\/\/www.turismocaravaca.com\/blog\/wp-json\/wp\/v2\/media?parent=4690"}],"wp:term":[{"taxonomy":"category","embeddable":true,"href":"https:\/\/www.turismocaravaca.com\/blog\/wp-json\/wp\/v2\/categories?post=4690"},{"taxonomy":"post_tag","embeddable":true,"href":"https:\/\/www.turismocaravaca.com\/blog\/wp-json\/wp\/v2\/tags?post=4690"}],"curies":[{"name":"wp","href":"https:\/\/api.w.org\/{rel}","templated":true}]}}