{"id":4707,"date":"2016-03-08T16:42:31","date_gmt":"2016-03-08T16:42:31","guid":{"rendered":"https:\/\/turismocaravaca.wordpress.com\/?p=4707"},"modified":"2017-09-04T16:46:04","modified_gmt":"2017-09-04T16:46:04","slug":"encuentros-con-autor-en-la-biblioteca-municipal","status":"publish","type":"post","link":"https:\/\/www.turismocaravaca.com\/blog\/encuentros-con-autor-en-la-biblioteca-municipal\/","title":{"rendered":"Encuentros con autor en la Biblioteca Municipal"},"content":{"rendered":"<p>Ma\u00f1ana, mi\u00e9rcoles 9 de marzo, a las 19:30 en el sal\u00f3n de actos de la Casa de Cultura \u00abEmilio S\u00e1ez\u00bb, encuentro con el autor Emilio Carrasco. <img loading=\"lazy\" decoding=\"async\" class=\"alignnone size-full wp-image-4711\" src=\"https:\/\/turismocaravaca.files.wordpress.com\/2016\/03\/cartel.jpg\" alt=\"cartel\" width=\"948\" height=\"1480\" srcset=\"https:\/\/www.turismocaravaca.com\/blog\/wp-content\/uploads\/2016\/03\/cartel.jpg 948w, https:\/\/www.turismocaravaca.com\/blog\/wp-content\/uploads\/2016\/03\/cartel-192x300.jpg 192w, https:\/\/www.turismocaravaca.com\/blog\/wp-content\/uploads\/2016\/03\/cartel-656x1024.jpg 656w\" sizes=\"(max-width: 948px) 100vw, 948px\" \/><\/p>\n","protected":false},"excerpt":{"rendered":"<p>Ma\u00f1ana, mi\u00e9rcoles 9 de marzo, a las 19:30 en el sal\u00f3n de actos de la Casa de Cultura \u00abEmilio S\u00e1ez\u00bb, encuentro con el autor Emilio Carrasco.<\/p>\n","protected":false},"author":2,"featured_media":0,"comment_status":"open","ping_status":"open","sticky":false,"template":"","format":"standard","meta":{"footnotes":""},"categories":[2126,34],"tags":[],"class_list":["post-4707","post","type-post","status-publish","format-standard","hentry","category-espanol","category-uncategorized"],"_links":{"self":[{"href":"https:\/\/www.turismocaravaca.com\/blog\/wp-json\/wp\/v2\/posts\/4707"}],"collection":[{"href":"https:\/\/www.turismocaravaca.com\/blog\/wp-json\/wp\/v2\/posts"}],"about":[{"href":"https:\/\/www.turismocaravaca.com\/blog\/wp-json\/wp\/v2\/types\/post"}],"author":[{"embeddable":true,"href":"https:\/\/www.turismocaravaca.com\/blog\/wp-json\/wp\/v2\/users\/2"}],"replies":[{"embeddable":true,"href":"https:\/\/www.turismocaravaca.com\/blog\/wp-json\/wp\/v2\/comments?post=4707"}],"version-history":[{"count":1,"href":"https:\/\/www.turismocaravaca.com\/blog\/wp-json\/wp\/v2\/posts\/4707\/revisions"}],"predecessor-version":[{"id":6574,"href":"https:\/\/www.turismocaravaca.com\/blog\/wp-json\/wp\/v2\/posts\/4707\/revisions\/6574"}],"wp:attachment":[{"href":"https:\/\/www.turismocaravaca.com\/blog\/wp-json\/wp\/v2\/media?parent=4707"}],"wp:term":[{"taxonomy":"category","embeddable":true,"href":"https:\/\/www.turismocaravaca.com\/blog\/wp-json\/wp\/v2\/categories?post=4707"},{"taxonomy":"post_tag","embeddable":true,"href":"https:\/\/www.turismocaravaca.com\/blog\/wp-json\/wp\/v2\/tags?post=4707"}],"curies":[{"name":"wp","href":"https:\/\/api.w.org\/{rel}","templated":true}]}}