{"id":4722,"date":"2016-03-10T11:03:57","date_gmt":"2016-03-10T11:03:57","guid":{"rendered":"https:\/\/turismocaravaca.wordpress.com\/?p=4722"},"modified":"2017-09-04T16:46:29","modified_gmt":"2017-09-04T16:46:29","slug":"fiestas-patronales-de-pinilla-de-san-jose-caravaca-de-la-cruz","status":"publish","type":"post","link":"https:\/\/www.turismocaravaca.com\/blog\/fiestas-patronales-de-pinilla-de-san-jose-caravaca-de-la-cruz\/","title":{"rendered":"Fiestas patronales de Pinilla de San Jos\u00e9 (Caravaca de la Cruz)"},"content":{"rendered":"<p>Ma\u00f1ana viernes dan comienzo la Fiestas Patronales de Pinilla, pedan\u00eda de Caravaca de la Cruz, en honor a su Patr\u00f3n: San Jos\u00e9, con un variado programa de actividades.<br \/>\n\u00a1Te invitamos a que las disfrutes!<\/p>\n<p>Aqu\u00ed os dejamos el cartel y programa de las mismas.<\/p>\n<div id='gallery-1' class='gallery galleryid-4722 gallery-columns-3 gallery-size-thumbnail'><figure class='gallery-item'>\n\t\t\t<div class='gallery-icon portrait'>\n\t\t\t\t<a href='https:\/\/www.turismocaravaca.com\/blog\/fiestas-patronales-de-pinilla-de-san-jose-caravaca-de-la-cruz\/pinilla\/'><img loading=\"lazy\" decoding=\"async\" width=\"150\" height=\"150\" src=\"https:\/\/www.turismocaravaca.com\/blog\/wp-content\/uploads\/2016\/03\/pinilla-150x150.jpg\" class=\"attachment-thumbnail size-thumbnail\" alt=\"\" \/><\/a>\n\t\t\t<\/div><\/figure><figure class='gallery-item'>\n\t\t\t<div class='gallery-icon landscape'>\n\t\t\t\t<a href='https:\/\/www.turismocaravaca.com\/blog\/fiestas-patronales-de-pinilla-de-san-jose-caravaca-de-la-cruz\/programaa3fiestaspinilla2016\/'><img loading=\"lazy\" decoding=\"async\" width=\"150\" height=\"150\" src=\"https:\/\/www.turismocaravaca.com\/blog\/wp-content\/uploads\/2016\/03\/programaa3fiestaspinilla2016-150x150.jpg\" class=\"attachment-thumbnail size-thumbnail\" alt=\"\" \/><\/a>\n\t\t\t<\/div><\/figure>\n\t\t<\/div>\n\n","protected":false},"excerpt":{"rendered":"<p>Ma\u00f1ana viernes dan comienzo la Fiestas Patronales de Pinilla, pedan\u00eda de Caravaca de la Cruz, en honor a su Patr\u00f3n: San Jos\u00e9, con un variado programa de actividades. \u00a1Te invitamos a que las disfrutes! Aqu\u00ed os dejamos el cartel y programa de las mismas.<\/p>\n","protected":false},"author":2,"featured_media":4726,"comment_status":"open","ping_status":"open","sticky":false,"template":"","format":"standard","meta":{"footnotes":""},"categories":[2126,34],"tags":[],"class_list":["post-4722","post","type-post","status-publish","format-standard","has-post-thumbnail","hentry","category-espanol","category-uncategorized"],"_links":{"self":[{"href":"https:\/\/www.turismocaravaca.com\/blog\/wp-json\/wp\/v2\/posts\/4722"}],"collection":[{"href":"https:\/\/www.turismocaravaca.com\/blog\/wp-json\/wp\/v2\/posts"}],"about":[{"href":"https:\/\/www.turismocaravaca.com\/blog\/wp-json\/wp\/v2\/types\/post"}],"author":[{"embeddable":true,"href":"https:\/\/www.turismocaravaca.com\/blog\/wp-json\/wp\/v2\/users\/2"}],"replies":[{"embeddable":true,"href":"https:\/\/www.turismocaravaca.com\/blog\/wp-json\/wp\/v2\/comments?post=4722"}],"version-history":[{"count":1,"href":"https:\/\/www.turismocaravaca.com\/blog\/wp-json\/wp\/v2\/posts\/4722\/revisions"}],"predecessor-version":[{"id":6618,"href":"https:\/\/www.turismocaravaca.com\/blog\/wp-json\/wp\/v2\/posts\/4722\/revisions\/6618"}],"wp:featuredmedia":[{"embeddable":true,"href":"https:\/\/www.turismocaravaca.com\/blog\/wp-json\/wp\/v2\/media\/4726"}],"wp:attachment":[{"href":"https:\/\/www.turismocaravaca.com\/blog\/wp-json\/wp\/v2\/media?parent=4722"}],"wp:term":[{"taxonomy":"category","embeddable":true,"href":"https:\/\/www.turismocaravaca.com\/blog\/wp-json\/wp\/v2\/categories?post=4722"},{"taxonomy":"post_tag","embeddable":true,"href":"https:\/\/www.turismocaravaca.com\/blog\/wp-json\/wp\/v2\/tags?post=4722"}],"curies":[{"name":"wp","href":"https:\/\/api.w.org\/{rel}","templated":true}]}}