{"id":4746,"date":"2016-03-10T16:15:19","date_gmt":"2016-03-10T16:15:19","guid":{"rendered":"https:\/\/turismocaravaca.wordpress.com\/?p=4746"},"modified":"2017-09-04T16:46:29","modified_gmt":"2017-09-04T16:46:29","slug":"caravaca-de-la-cruz-esta-presente-en-equimur","status":"publish","type":"post","link":"https:\/\/www.turismocaravaca.com\/blog\/caravaca-de-la-cruz-esta-presente-en-equimur\/","title":{"rendered":"Caravaca de la Cruz est\u00e1 presente en EQUIMUR"},"content":{"rendered":"<p style=\"text-align:justify;\">Del 10 al 13 de marzo se celebra en IFEPA-Palacio de Ferias y Exposiciones de la Regi\u00f3n de Murcia, sito en Torre Pacheco, una de las ferias equinas m\u00e1s importantes del pa\u00eds, EQUIMUR 2016-Sal\u00f3n Internacional de Caballos de Razas Puras, que llega en esta ocasi\u00f3n a su XXI edici\u00f3n. Caravaca est\u00e1 presente en dicha feria con stand propio donde el visitante podr\u00e1 conocer los atractivos de la localidad y, especialmente, dado lo monogr\u00e1fico de la feria, lo relativo al festejo de los Caballos del Vino.<\/p>\n<div id='gallery-1' class='gallery galleryid-4746 gallery-columns-3 gallery-size-thumbnail'><figure class='gallery-item'>\n\t\t\t<div class='gallery-icon landscape'>\n\t\t\t\t<a href='https:\/\/www.turismocaravaca.com\/blog\/caravaca-de-la-cruz-esta-presente-en-equimur\/20160309_210553\/'><img loading=\"lazy\" decoding=\"async\" width=\"150\" height=\"150\" src=\"https:\/\/www.turismocaravaca.com\/blog\/wp-content\/uploads\/2016\/03\/20160309_210553-150x150.jpg\" class=\"attachment-thumbnail size-thumbnail\" alt=\"\" \/><\/a>\n\t\t\t<\/div><\/figure><figure class='gallery-item'>\n\t\t\t<div class='gallery-icon landscape'>\n\t\t\t\t<a href='https:\/\/www.turismocaravaca.com\/blog\/caravaca-de-la-cruz-esta-presente-en-equimur\/20160309_210618\/'><img loading=\"lazy\" decoding=\"async\" width=\"150\" height=\"150\" src=\"https:\/\/www.turismocaravaca.com\/blog\/wp-content\/uploads\/2016\/03\/20160309_210618-150x150.jpg\" class=\"attachment-thumbnail size-thumbnail\" alt=\"\" \/><\/a>\n\t\t\t<\/div><\/figure>\n\t\t<\/div>\n\n","protected":false},"excerpt":{"rendered":"<p>Del 10 al 13 de marzo se celebra en IFEPA-Palacio de Ferias y Exposiciones de la Regi\u00f3n de Murcia, sito en Torre Pacheco, una de las ferias equinas m\u00e1s importantes del pa\u00eds, EQUIMUR 2016-Sal\u00f3n Internacional de Caballos de Razas Puras, que llega en esta ocasi\u00f3n a su XXI edici\u00f3n. Caravaca est\u00e1 presente en dicha feria [&hellip;]<\/p>\n","protected":false},"author":2,"featured_media":4751,"comment_status":"open","ping_status":"open","sticky":false,"template":"","format":"standard","meta":{"footnotes":""},"categories":[2126,34],"tags":[],"class_list":["post-4746","post","type-post","status-publish","format-standard","has-post-thumbnail","hentry","category-espanol","category-uncategorized"],"_links":{"self":[{"href":"https:\/\/www.turismocaravaca.com\/blog\/wp-json\/wp\/v2\/posts\/4746"}],"collection":[{"href":"https:\/\/www.turismocaravaca.com\/blog\/wp-json\/wp\/v2\/posts"}],"about":[{"href":"https:\/\/www.turismocaravaca.com\/blog\/wp-json\/wp\/v2\/types\/post"}],"author":[{"embeddable":true,"href":"https:\/\/www.turismocaravaca.com\/blog\/wp-json\/wp\/v2\/users\/2"}],"replies":[{"embeddable":true,"href":"https:\/\/www.turismocaravaca.com\/blog\/wp-json\/wp\/v2\/comments?post=4746"}],"version-history":[{"count":1,"href":"https:\/\/www.turismocaravaca.com\/blog\/wp-json\/wp\/v2\/posts\/4746\/revisions"}],"predecessor-version":[{"id":6615,"href":"https:\/\/www.turismocaravaca.com\/blog\/wp-json\/wp\/v2\/posts\/4746\/revisions\/6615"}],"wp:featuredmedia":[{"embeddable":true,"href":"https:\/\/www.turismocaravaca.com\/blog\/wp-json\/wp\/v2\/media\/4751"}],"wp:attachment":[{"href":"https:\/\/www.turismocaravaca.com\/blog\/wp-json\/wp\/v2\/media?parent=4746"}],"wp:term":[{"taxonomy":"category","embeddable":true,"href":"https:\/\/www.turismocaravaca.com\/blog\/wp-json\/wp\/v2\/categories?post=4746"},{"taxonomy":"post_tag","embeddable":true,"href":"https:\/\/www.turismocaravaca.com\/blog\/wp-json\/wp\/v2\/tags?post=4746"}],"curies":[{"name":"wp","href":"https:\/\/api.w.org\/{rel}","templated":true}]}}