{"id":4776,"date":"2016-03-17T15:49:44","date_gmt":"2016-03-17T15:49:44","guid":{"rendered":"https:\/\/turismocaravaca.wordpress.com\/?p=4776"},"modified":"2017-09-04T16:46:28","modified_gmt":"2017-09-04T16:46:28","slug":"este-domingo-se-celebra-el-mercado-del-peregrino","status":"publish","type":"post","link":"https:\/\/www.turismocaravaca.com\/blog\/este-domingo-se-celebra-el-mercado-del-peregrino\/","title":{"rendered":"ESTE DOMINGO SE CELEBRA EL MERCADO DEL PEREGRINO"},"content":{"rendered":"<p style=\"text-align:justify;\">Este pr\u00f3ximo domingo, 20 de marzo, se celebra en La Corredera de 10 a 14.30 h. el Mercado Artesanal del Peregrino, en esta ocasi\u00f3n dedicado a las artes pl\u00e1sticas, donde habr\u00e1, adem\u00e1s, teatro, demostraciones, talleres, etc.<\/p>\n<p style=\"text-align:justify;\"><img loading=\"lazy\" decoding=\"async\" class=\"alignnone size-full wp-image-4784\" src=\"https:\/\/turismocaravaca.files.wordpress.com\/2016\/03\/cartel-del-peregrino-de-marzo-2016.jpg\" alt=\"cartel del peregrino de marzo 2016\" width=\"2953\" height=\"4169\" srcset=\"https:\/\/www.turismocaravaca.com\/blog\/wp-content\/uploads\/2016\/03\/cartel-del-peregrino-de-marzo-2016.jpg 2953w, https:\/\/www.turismocaravaca.com\/blog\/wp-content\/uploads\/2016\/03\/cartel-del-peregrino-de-marzo-2016-212x300.jpg 212w, https:\/\/www.turismocaravaca.com\/blog\/wp-content\/uploads\/2016\/03\/cartel-del-peregrino-de-marzo-2016-725x1024.jpg 725w\" sizes=\"(max-width: 2953px) 100vw, 2953px\" \/><\/p>\n","protected":false},"excerpt":{"rendered":"<p>Este pr\u00f3ximo domingo, 20 de marzo, se celebra en La Corredera de 10 a 14.30 h. el Mercado Artesanal del Peregrino, en esta ocasi\u00f3n dedicado a las artes pl\u00e1sticas, donde habr\u00e1, adem\u00e1s, teatro, demostraciones, talleres, etc.<\/p>\n","protected":false},"author":2,"featured_media":0,"comment_status":"open","ping_status":"open","sticky":false,"template":"","format":"standard","meta":{"footnotes":""},"categories":[2126,34],"tags":[],"class_list":["post-4776","post","type-post","status-publish","format-standard","hentry","category-espanol","category-uncategorized"],"_links":{"self":[{"href":"https:\/\/www.turismocaravaca.com\/blog\/wp-json\/wp\/v2\/posts\/4776"}],"collection":[{"href":"https:\/\/www.turismocaravaca.com\/blog\/wp-json\/wp\/v2\/posts"}],"about":[{"href":"https:\/\/www.turismocaravaca.com\/blog\/wp-json\/wp\/v2\/types\/post"}],"author":[{"embeddable":true,"href":"https:\/\/www.turismocaravaca.com\/blog\/wp-json\/wp\/v2\/users\/2"}],"replies":[{"embeddable":true,"href":"https:\/\/www.turismocaravaca.com\/blog\/wp-json\/wp\/v2\/comments?post=4776"}],"version-history":[{"count":1,"href":"https:\/\/www.turismocaravaca.com\/blog\/wp-json\/wp\/v2\/posts\/4776\/revisions"}],"predecessor-version":[{"id":6612,"href":"https:\/\/www.turismocaravaca.com\/blog\/wp-json\/wp\/v2\/posts\/4776\/revisions\/6612"}],"wp:attachment":[{"href":"https:\/\/www.turismocaravaca.com\/blog\/wp-json\/wp\/v2\/media?parent=4776"}],"wp:term":[{"taxonomy":"category","embeddable":true,"href":"https:\/\/www.turismocaravaca.com\/blog\/wp-json\/wp\/v2\/categories?post=4776"},{"taxonomy":"post_tag","embeddable":true,"href":"https:\/\/www.turismocaravaca.com\/blog\/wp-json\/wp\/v2\/tags?post=4776"}],"curies":[{"name":"wp","href":"https:\/\/api.w.org\/{rel}","templated":true}]}}