{"id":4786,"date":"2016-03-17T16:02:34","date_gmt":"2016-03-17T16:02:34","guid":{"rendered":"https:\/\/turismocaravaca.wordpress.com\/?p=4786"},"modified":"2017-09-04T16:46:28","modified_gmt":"2017-09-04T16:46:28","slug":"classic-motor-festival-2","status":"publish","type":"post","link":"https:\/\/www.turismocaravaca.com\/blog\/classic-motor-festival-2\/","title":{"rendered":"CLASSIC MOTOR FESTIVAL"},"content":{"rendered":"<p>Este fin de semana, 19 y 20 de marzo, se celebra en el pol\u00edgono industrial Cavila la 4\u00aa edici\u00f3n del Classic Motor Festival.<\/p>\n<p>Aqu\u00ed os dejamos el cartel con m\u00e1s informaci\u00f3n por si os interesa asistir.<\/p>\n<p><img loading=\"lazy\" decoding=\"async\" class=\"alignnone size-full wp-image-4789\" src=\"https:\/\/turismocaravaca.files.wordpress.com\/2016\/03\/iv-classic-motor-festival.jpg\" alt=\"IV Classic Motor Festival\" width=\"720\" height=\"985\" srcset=\"https:\/\/www.turismocaravaca.com\/blog\/wp-content\/uploads\/2016\/03\/iv-classic-motor-festival.jpg 720w, https:\/\/www.turismocaravaca.com\/blog\/wp-content\/uploads\/2016\/03\/iv-classic-motor-festival-219x300.jpg 219w\" sizes=\"(max-width: 720px) 100vw, 720px\" \/><\/p>\n","protected":false},"excerpt":{"rendered":"<p>Este fin de semana, 19 y 20 de marzo, se celebra en el pol\u00edgono industrial Cavila la 4\u00aa edici\u00f3n del Classic Motor Festival. Aqu\u00ed os dejamos el cartel con m\u00e1s informaci\u00f3n por si os interesa asistir.<\/p>\n","protected":false},"author":2,"featured_media":0,"comment_status":"open","ping_status":"open","sticky":false,"template":"","format":"standard","meta":{"footnotes":""},"categories":[2126,34],"tags":[],"class_list":["post-4786","post","type-post","status-publish","format-standard","hentry","category-espanol","category-uncategorized"],"_links":{"self":[{"href":"https:\/\/www.turismocaravaca.com\/blog\/wp-json\/wp\/v2\/posts\/4786"}],"collection":[{"href":"https:\/\/www.turismocaravaca.com\/blog\/wp-json\/wp\/v2\/posts"}],"about":[{"href":"https:\/\/www.turismocaravaca.com\/blog\/wp-json\/wp\/v2\/types\/post"}],"author":[{"embeddable":true,"href":"https:\/\/www.turismocaravaca.com\/blog\/wp-json\/wp\/v2\/users\/2"}],"replies":[{"embeddable":true,"href":"https:\/\/www.turismocaravaca.com\/blog\/wp-json\/wp\/v2\/comments?post=4786"}],"version-history":[{"count":1,"href":"https:\/\/www.turismocaravaca.com\/blog\/wp-json\/wp\/v2\/posts\/4786\/revisions"}],"predecessor-version":[{"id":6611,"href":"https:\/\/www.turismocaravaca.com\/blog\/wp-json\/wp\/v2\/posts\/4786\/revisions\/6611"}],"wp:attachment":[{"href":"https:\/\/www.turismocaravaca.com\/blog\/wp-json\/wp\/v2\/media?parent=4786"}],"wp:term":[{"taxonomy":"category","embeddable":true,"href":"https:\/\/www.turismocaravaca.com\/blog\/wp-json\/wp\/v2\/categories?post=4786"},{"taxonomy":"post_tag","embeddable":true,"href":"https:\/\/www.turismocaravaca.com\/blog\/wp-json\/wp\/v2\/tags?post=4786"}],"curies":[{"name":"wp","href":"https:\/\/api.w.org\/{rel}","templated":true}]}}