{"id":4811,"date":"2016-03-29T17:17:04","date_gmt":"2016-03-29T17:17:04","guid":{"rendered":"https:\/\/turismocaravaca.wordpress.com\/?p=4811"},"modified":"2017-09-04T16:46:28","modified_gmt":"2017-09-04T16:46:28","slug":"programa-oficial-de-fiestas-en-honor-de-la-stma-y-vera-cruz-2016","status":"publish","type":"post","link":"https:\/\/www.turismocaravaca.com\/blog\/programa-oficial-de-fiestas-en-honor-de-la-stma-y-vera-cruz-2016\/","title":{"rendered":"Programa Oficial de Fiestas en honor de la Stma. y Vera Cruz 2016"},"content":{"rendered":"<p>Aqu\u00ed ten\u00e9is el programa oficial de las Fiestas en honor a la Stma. y Vera Cruz 2016 para que pod\u00e1is consultar los actos y los horarios de las mismas.<\/p>\n<p>Hacer click a continuaci\u00f3n para visionarlo:<\/p>\n<p><a title=\"PROGRAMA DE FIESTAS 2016-RS_optimize 150\" href=\"https:\/\/turismocaravaca.files.wordpress.com\/2016\/03\/programa-de-fiestas-2016-rs_optimize-150.pdf\">PROGRAMA DE FIESTAS 2016-RS_optimize 150<\/a><\/p>\n","protected":false},"excerpt":{"rendered":"<p>Aqu\u00ed ten\u00e9is el programa oficial de las Fiestas en honor a la Stma. y Vera Cruz 2016 para que pod\u00e1is consultar los actos y los horarios de las mismas. Hacer click a continuaci\u00f3n para visionarlo: PROGRAMA DE FIESTAS 2016-RS_optimize 150<\/p>\n","protected":false},"author":2,"featured_media":4819,"comment_status":"open","ping_status":"open","sticky":false,"template":"","format":"standard","meta":{"footnotes":""},"categories":[2126,34],"tags":[],"class_list":["post-4811","post","type-post","status-publish","format-standard","has-post-thumbnail","hentry","category-espanol","category-uncategorized"],"_links":{"self":[{"href":"https:\/\/www.turismocaravaca.com\/blog\/wp-json\/wp\/v2\/posts\/4811"}],"collection":[{"href":"https:\/\/www.turismocaravaca.com\/blog\/wp-json\/wp\/v2\/posts"}],"about":[{"href":"https:\/\/www.turismocaravaca.com\/blog\/wp-json\/wp\/v2\/types\/post"}],"author":[{"embeddable":true,"href":"https:\/\/www.turismocaravaca.com\/blog\/wp-json\/wp\/v2\/users\/2"}],"replies":[{"embeddable":true,"href":"https:\/\/www.turismocaravaca.com\/blog\/wp-json\/wp\/v2\/comments?post=4811"}],"version-history":[{"count":1,"href":"https:\/\/www.turismocaravaca.com\/blog\/wp-json\/wp\/v2\/posts\/4811\/revisions"}],"predecessor-version":[{"id":6608,"href":"https:\/\/www.turismocaravaca.com\/blog\/wp-json\/wp\/v2\/posts\/4811\/revisions\/6608"}],"wp:featuredmedia":[{"embeddable":true,"href":"https:\/\/www.turismocaravaca.com\/blog\/wp-json\/wp\/v2\/media\/4819"}],"wp:attachment":[{"href":"https:\/\/www.turismocaravaca.com\/blog\/wp-json\/wp\/v2\/media?parent=4811"}],"wp:term":[{"taxonomy":"category","embeddable":true,"href":"https:\/\/www.turismocaravaca.com\/blog\/wp-json\/wp\/v2\/categories?post=4811"},{"taxonomy":"post_tag","embeddable":true,"href":"https:\/\/www.turismocaravaca.com\/blog\/wp-json\/wp\/v2\/tags?post=4811"}],"curies":[{"name":"wp","href":"https:\/\/api.w.org\/{rel}","templated":true}]}}