{"id":4838,"date":"2016-03-31T16:19:09","date_gmt":"2016-03-31T16:19:09","guid":{"rendered":"https:\/\/turismocaravaca.wordpress.com\/?p=4838"},"modified":"2017-09-04T16:46:28","modified_gmt":"2017-09-04T16:46:28","slug":"presentacion-del-libro-cabila-ceyt-abuceyt-1971-2015-en-la-casa-de-cultura","status":"publish","type":"post","link":"https:\/\/www.turismocaravaca.com\/blog\/presentacion-del-libro-cabila-ceyt-abuceyt-1971-2015-en-la-casa-de-cultura\/","title":{"rendered":"Presentaci\u00f3n del libro \u00abC\u00e1bila Ceyt Abuceyt 1971-2015\u00bb en la Casa de Cultura"},"content":{"rendered":"<p style=\"text-align:justify;\">El pr\u00f3ximo s\u00e1bado, 2 de abril, a las 12.30 h., tendr\u00e1 lugar en la Casa de Cultura \u00abEmilio S\u00e1ez\u00bb la presentaci\u00f3n del libro \u00abC\u00e1bila Ceyt Abuceyt 1971-2015\u00bb. Os dejamos aqu\u00ed la programaci\u00f3n para este evento cultural por si es de vuestro inter\u00e9s.<\/p>\n<p><img loading=\"lazy\" decoding=\"async\" class=\"alignnone size-full wp-image-4843\" src=\"https:\/\/turismocaravaca.files.wordpress.com\/2016\/03\/ceyt-abuceyt-presentacic3b3n-libro.jpg\" alt=\"Ceyt Abuceyt- Presentaci\u00f3n Libro\" width=\"560\" height=\"800\" srcset=\"https:\/\/www.turismocaravaca.com\/blog\/wp-content\/uploads\/2016\/03\/ceyt-abuceyt-presentacic3b3n-libro.jpg 560w, https:\/\/www.turismocaravaca.com\/blog\/wp-content\/uploads\/2016\/03\/ceyt-abuceyt-presentacic3b3n-libro-210x300.jpg 210w\" sizes=\"(max-width: 560px) 100vw, 560px\" \/><\/p>\n","protected":false},"excerpt":{"rendered":"<p>El pr\u00f3ximo s\u00e1bado, 2 de abril, a las 12.30 h., tendr\u00e1 lugar en la Casa de Cultura \u00abEmilio S\u00e1ez\u00bb la presentaci\u00f3n del libro \u00abC\u00e1bila Ceyt Abuceyt 1971-2015\u00bb. Os dejamos aqu\u00ed la programaci\u00f3n para este evento cultural por si es de vuestro inter\u00e9s.<\/p>\n","protected":false},"author":2,"featured_media":0,"comment_status":"open","ping_status":"open","sticky":false,"template":"","format":"standard","meta":{"footnotes":""},"categories":[2126,34],"tags":[],"class_list":["post-4838","post","type-post","status-publish","format-standard","hentry","category-espanol","category-uncategorized"],"_links":{"self":[{"href":"https:\/\/www.turismocaravaca.com\/blog\/wp-json\/wp\/v2\/posts\/4838"}],"collection":[{"href":"https:\/\/www.turismocaravaca.com\/blog\/wp-json\/wp\/v2\/posts"}],"about":[{"href":"https:\/\/www.turismocaravaca.com\/blog\/wp-json\/wp\/v2\/types\/post"}],"author":[{"embeddable":true,"href":"https:\/\/www.turismocaravaca.com\/blog\/wp-json\/wp\/v2\/users\/2"}],"replies":[{"embeddable":true,"href":"https:\/\/www.turismocaravaca.com\/blog\/wp-json\/wp\/v2\/comments?post=4838"}],"version-history":[{"count":1,"href":"https:\/\/www.turismocaravaca.com\/blog\/wp-json\/wp\/v2\/posts\/4838\/revisions"}],"predecessor-version":[{"id":6604,"href":"https:\/\/www.turismocaravaca.com\/blog\/wp-json\/wp\/v2\/posts\/4838\/revisions\/6604"}],"wp:attachment":[{"href":"https:\/\/www.turismocaravaca.com\/blog\/wp-json\/wp\/v2\/media?parent=4838"}],"wp:term":[{"taxonomy":"category","embeddable":true,"href":"https:\/\/www.turismocaravaca.com\/blog\/wp-json\/wp\/v2\/categories?post=4838"},{"taxonomy":"post_tag","embeddable":true,"href":"https:\/\/www.turismocaravaca.com\/blog\/wp-json\/wp\/v2\/tags?post=4838"}],"curies":[{"name":"wp","href":"https:\/\/api.w.org\/{rel}","templated":true}]}}