{"id":4911,"date":"2016-04-07T09:18:18","date_gmt":"2016-04-07T09:18:18","guid":{"rendered":"https:\/\/turismocaravaca.wordpress.com\/?p=4911"},"modified":"2017-09-04T16:46:27","modified_gmt":"2017-09-04T16:46:27","slug":"hoy-se-inaugura-la-exposicion-ayer-y-hoy-del-bando-moro-una-mirada-retrospectiva","status":"publish","type":"post","link":"https:\/\/www.turismocaravaca.com\/blog\/hoy-se-inaugura-la-exposicion-ayer-y-hoy-del-bando-moro-una-mirada-retrospectiva\/","title":{"rendered":"Hoy se  inaugura la exposici\u00f3n \u2018Ayer y hoy del Bando Moro, una mirada retrospectiva\u2019"},"content":{"rendered":"<p>Hoy, a las 21 h., en el centro cultural Antigua Iglesia de la Compa\u00f1\u00eda de Jes\u00fas, se inaugura la exposici\u00f3n \u2018Ayer y hoy del Bando Moro, una mirada retrospectiva\u2019, organizada por el Bando Moro en colaboraci\u00f3n con la Concejal\u00eda de Cultura.<\/p>\n<p><img loading=\"lazy\" decoding=\"async\" class=\"alignnone size-full wp-image-4913\" src=\"https:\/\/turismocaravaca.files.wordpress.com\/2016\/04\/dsf7059.jpg\" alt=\"_DSF7059\" width=\"683\" height=\"1024\" srcset=\"https:\/\/www.turismocaravaca.com\/blog\/wp-content\/uploads\/2016\/04\/dsf7059.jpg 683w, https:\/\/www.turismocaravaca.com\/blog\/wp-content\/uploads\/2016\/04\/dsf7059-200x300.jpg 200w\" sizes=\"(max-width: 683px) 100vw, 683px\" \/><\/p>\n","protected":false},"excerpt":{"rendered":"<p>Hoy, a las 21 h., en el centro cultural Antigua Iglesia de la Compa\u00f1\u00eda de Jes\u00fas, se inaugura la exposici\u00f3n \u2018Ayer y hoy del Bando Moro, una mirada retrospectiva\u2019, organizada por el Bando Moro en colaboraci\u00f3n con la Concejal\u00eda de Cultura.<\/p>\n","protected":false},"author":2,"featured_media":0,"comment_status":"open","ping_status":"open","sticky":false,"template":"","format":"standard","meta":{"footnotes":""},"categories":[2126,34],"tags":[],"class_list":["post-4911","post","type-post","status-publish","format-standard","hentry","category-espanol","category-uncategorized"],"_links":{"self":[{"href":"https:\/\/www.turismocaravaca.com\/blog\/wp-json\/wp\/v2\/posts\/4911"}],"collection":[{"href":"https:\/\/www.turismocaravaca.com\/blog\/wp-json\/wp\/v2\/posts"}],"about":[{"href":"https:\/\/www.turismocaravaca.com\/blog\/wp-json\/wp\/v2\/types\/post"}],"author":[{"embeddable":true,"href":"https:\/\/www.turismocaravaca.com\/blog\/wp-json\/wp\/v2\/users\/2"}],"replies":[{"embeddable":true,"href":"https:\/\/www.turismocaravaca.com\/blog\/wp-json\/wp\/v2\/comments?post=4911"}],"version-history":[{"count":1,"href":"https:\/\/www.turismocaravaca.com\/blog\/wp-json\/wp\/v2\/posts\/4911\/revisions"}],"predecessor-version":[{"id":6595,"href":"https:\/\/www.turismocaravaca.com\/blog\/wp-json\/wp\/v2\/posts\/4911\/revisions\/6595"}],"wp:attachment":[{"href":"https:\/\/www.turismocaravaca.com\/blog\/wp-json\/wp\/v2\/media?parent=4911"}],"wp:term":[{"taxonomy":"category","embeddable":true,"href":"https:\/\/www.turismocaravaca.com\/blog\/wp-json\/wp\/v2\/categories?post=4911"},{"taxonomy":"post_tag","embeddable":true,"href":"https:\/\/www.turismocaravaca.com\/blog\/wp-json\/wp\/v2\/tags?post=4911"}],"curies":[{"name":"wp","href":"https:\/\/api.w.org\/{rel}","templated":true}]}}