{"id":5144,"date":"2016-06-09T10:20:23","date_gmt":"2016-06-09T10:20:23","guid":{"rendered":"https:\/\/turismocaravaca.wordpress.com\/?p=5144"},"modified":"2017-09-04T16:46:58","modified_gmt":"2017-09-04T16:46:58","slug":"autoridad-y-limites","status":"publish","type":"post","link":"https:\/\/www.turismocaravaca.com\/blog\/autoridad-y-limites\/","title":{"rendered":"\u00abAutoridad y L\u00edmites\u00bb"},"content":{"rendered":"<p>El pr\u00f3ximo s\u00e1bado 14 tendr\u00e1 lugar en Los Salones Castillo la Conferencia del\u00a0 Dr. Carlos Gonz\u00e1lez \u00abAutoridad y L\u00edmites\u00bb.<\/p>\n<p>La entrada a la Conferencia tendr\u00e1 un precio de 14 euros anticipada y 16 euros en taquilla.<\/p>\n<p><img loading=\"lazy\" decoding=\"async\" class=\"alignnone size-full wp-image-5151\" src=\"https:\/\/www.turismocaravaca.com\/blog\/wp-content\/uploads\/2016\/06\/cartel6-vertical.jpg\" alt=\"CARTEL6 vertical\" width=\"3508\" height=\"4961\" srcset=\"https:\/\/www.turismocaravaca.com\/blog\/wp-content\/uploads\/2016\/06\/cartel6-vertical.jpg 3508w, https:\/\/www.turismocaravaca.com\/blog\/wp-content\/uploads\/2016\/06\/cartel6-vertical-212x300.jpg 212w, https:\/\/www.turismocaravaca.com\/blog\/wp-content\/uploads\/2016\/06\/cartel6-vertical-724x1024.jpg 724w\" sizes=\"(max-width: 3508px) 100vw, 3508px\" \/><\/p>\n<p>&nbsp;<\/p>\n","protected":false},"excerpt":{"rendered":"<p>El pr\u00f3ximo s\u00e1bado 14 tendr\u00e1 lugar en Los Salones Castillo la Conferencia del\u00a0 Dr. Carlos Gonz\u00e1lez \u00abAutoridad y L\u00edmites\u00bb. La entrada a la Conferencia tendr\u00e1 un precio de 14 euros anticipada y 16 euros en taquilla. &nbsp;<\/p>\n","protected":false},"author":2,"featured_media":0,"comment_status":"open","ping_status":"open","sticky":false,"template":"","format":"standard","meta":{"footnotes":""},"categories":[2126,34],"tags":[],"class_list":["post-5144","post","type-post","status-publish","format-standard","hentry","category-espanol","category-uncategorized"],"_links":{"self":[{"href":"https:\/\/www.turismocaravaca.com\/blog\/wp-json\/wp\/v2\/posts\/5144"}],"collection":[{"href":"https:\/\/www.turismocaravaca.com\/blog\/wp-json\/wp\/v2\/posts"}],"about":[{"href":"https:\/\/www.turismocaravaca.com\/blog\/wp-json\/wp\/v2\/types\/post"}],"author":[{"embeddable":true,"href":"https:\/\/www.turismocaravaca.com\/blog\/wp-json\/wp\/v2\/users\/2"}],"replies":[{"embeddable":true,"href":"https:\/\/www.turismocaravaca.com\/blog\/wp-json\/wp\/v2\/comments?post=5144"}],"version-history":[{"count":1,"href":"https:\/\/www.turismocaravaca.com\/blog\/wp-json\/wp\/v2\/posts\/5144\/revisions"}],"predecessor-version":[{"id":5403,"href":"https:\/\/www.turismocaravaca.com\/blog\/wp-json\/wp\/v2\/posts\/5144\/revisions\/5403"}],"wp:attachment":[{"href":"https:\/\/www.turismocaravaca.com\/blog\/wp-json\/wp\/v2\/media?parent=5144"}],"wp:term":[{"taxonomy":"category","embeddable":true,"href":"https:\/\/www.turismocaravaca.com\/blog\/wp-json\/wp\/v2\/categories?post=5144"},{"taxonomy":"post_tag","embeddable":true,"href":"https:\/\/www.turismocaravaca.com\/blog\/wp-json\/wp\/v2\/tags?post=5144"}],"curies":[{"name":"wp","href":"https:\/\/api.w.org\/{rel}","templated":true}]}}