{"id":5158,"date":"2016-06-09T10:30:12","date_gmt":"2016-06-09T10:30:12","guid":{"rendered":"https:\/\/turismocaravaca.wordpress.com\/?p=5158"},"modified":"2017-09-04T16:46:58","modified_gmt":"2017-09-04T16:46:58","slug":"anectodas-y-testimomios-de-un-hombre-excepcional","status":"publish","type":"post","link":"https:\/\/www.turismocaravaca.com\/blog\/anectodas-y-testimomios-de-un-hombre-excepcional\/","title":{"rendered":"\u00abAn\u00e9cdotas y testimomios de un hombre excepcional\u00bb"},"content":{"rendered":"<p>El pr\u00f3ximo martes, 14 de Junio, en el Aula de Cultura de Cajamurcia tendr\u00e1 lugar una interesante conferencia sobre Don Daniel Jim\u00e9nez de Cisneros y Herv\u00e1s, titulada \u00abAn\u00e9cdotas y testimomios de un hombre excepcional\u00bb.<\/p>\n<p><img loading=\"lazy\" decoding=\"async\" class=\"alignnone size-full wp-image-5162\" src=\"https:\/\/www.turismocaravaca.com\/blog\/wp-content\/uploads\/2016\/06\/daniel-jimenez-de-cisneros-cartel1.jpg\" alt=\"Imprimir\" width=\"1470\" height=\"2067\" srcset=\"https:\/\/www.turismocaravaca.com\/blog\/wp-content\/uploads\/2016\/06\/daniel-jimenez-de-cisneros-cartel1.jpg 1470w, https:\/\/www.turismocaravaca.com\/blog\/wp-content\/uploads\/2016\/06\/daniel-jimenez-de-cisneros-cartel1-213x300.jpg 213w, https:\/\/www.turismocaravaca.com\/blog\/wp-content\/uploads\/2016\/06\/daniel-jimenez-de-cisneros-cartel1-728x1024.jpg 728w\" sizes=\"(max-width: 1470px) 100vw, 1470px\" \/><\/p>\n","protected":false},"excerpt":{"rendered":"<p>El pr\u00f3ximo martes, 14 de Junio, en el Aula de Cultura de Cajamurcia tendr\u00e1 lugar una interesante conferencia sobre Don Daniel Jim\u00e9nez de Cisneros y Herv\u00e1s, titulada \u00abAn\u00e9cdotas y testimomios de un hombre excepcional\u00bb.<\/p>\n","protected":false},"author":2,"featured_media":0,"comment_status":"open","ping_status":"open","sticky":false,"template":"","format":"standard","meta":{"footnotes":""},"categories":[2126,34],"tags":[],"class_list":["post-5158","post","type-post","status-publish","format-standard","hentry","category-espanol","category-uncategorized"],"_links":{"self":[{"href":"https:\/\/www.turismocaravaca.com\/blog\/wp-json\/wp\/v2\/posts\/5158"}],"collection":[{"href":"https:\/\/www.turismocaravaca.com\/blog\/wp-json\/wp\/v2\/posts"}],"about":[{"href":"https:\/\/www.turismocaravaca.com\/blog\/wp-json\/wp\/v2\/types\/post"}],"author":[{"embeddable":true,"href":"https:\/\/www.turismocaravaca.com\/blog\/wp-json\/wp\/v2\/users\/2"}],"replies":[{"embeddable":true,"href":"https:\/\/www.turismocaravaca.com\/blog\/wp-json\/wp\/v2\/comments?post=5158"}],"version-history":[{"count":1,"href":"https:\/\/www.turismocaravaca.com\/blog\/wp-json\/wp\/v2\/posts\/5158\/revisions"}],"predecessor-version":[{"id":5402,"href":"https:\/\/www.turismocaravaca.com\/blog\/wp-json\/wp\/v2\/posts\/5158\/revisions\/5402"}],"wp:attachment":[{"href":"https:\/\/www.turismocaravaca.com\/blog\/wp-json\/wp\/v2\/media?parent=5158"}],"wp:term":[{"taxonomy":"category","embeddable":true,"href":"https:\/\/www.turismocaravaca.com\/blog\/wp-json\/wp\/v2\/categories?post=5158"},{"taxonomy":"post_tag","embeddable":true,"href":"https:\/\/www.turismocaravaca.com\/blog\/wp-json\/wp\/v2\/tags?post=5158"}],"curies":[{"name":"wp","href":"https:\/\/api.w.org\/{rel}","templated":true}]}}