{"id":5180,"date":"2016-06-14T09:25:04","date_gmt":"2016-06-14T09:25:04","guid":{"rendered":"https:\/\/turismocaravaca.wordpress.com\/?p=5180"},"modified":"2017-09-04T16:46:58","modified_gmt":"2017-09-04T16:46:58","slug":"conciertos-para-esta-semana-organizados-por-el-conservatorio-de-caravaca","status":"publish","type":"post","link":"https:\/\/www.turismocaravaca.com\/blog\/conciertos-para-esta-semana-organizados-por-el-conservatorio-de-caravaca\/","title":{"rendered":"Conciertos para esta semana organizados por el Conservatorio de Caravaca"},"content":{"rendered":"<p>Os dejamos aqu\u00ed el programa de actividades (danza y m\u00fasica) de este mes de junio que organiza el Conservatorio Profesional de M\u00fasica \u00abLeandro Mart\u00ednez Romero\u00bb de Caravaca de la Cruz. En esta semana podemos disfrutar de varias de ellas.<\/p>\n<p><img loading=\"lazy\" decoding=\"async\" class=\"alignnone size-full wp-image-5177\" src=\"https:\/\/www.turismocaravaca.com\/blog\/wp-content\/uploads\/2016\/06\/cartelmupijunio2016.jpg\" alt=\"cartelmupijunio2016\" width=\"3508\" height=\"2480\" srcset=\"https:\/\/www.turismocaravaca.com\/blog\/wp-content\/uploads\/2016\/06\/cartelmupijunio2016.jpg 3508w, https:\/\/www.turismocaravaca.com\/blog\/wp-content\/uploads\/2016\/06\/cartelmupijunio2016-300x212.jpg 300w, https:\/\/www.turismocaravaca.com\/blog\/wp-content\/uploads\/2016\/06\/cartelmupijunio2016-1024x724.jpg 1024w\" sizes=\"(max-width: 3508px) 100vw, 3508px\" \/><\/p>\n","protected":false},"excerpt":{"rendered":"<p>Os dejamos aqu\u00ed el programa de actividades (danza y m\u00fasica) de este mes de junio que organiza el Conservatorio Profesional de M\u00fasica \u00abLeandro Mart\u00ednez Romero\u00bb de Caravaca de la Cruz. En esta semana podemos disfrutar de varias de ellas.<\/p>\n","protected":false},"author":2,"featured_media":0,"comment_status":"open","ping_status":"open","sticky":false,"template":"","format":"standard","meta":{"footnotes":""},"categories":[2126,34],"tags":[],"class_list":["post-5180","post","type-post","status-publish","format-standard","hentry","category-espanol","category-uncategorized"],"_links":{"self":[{"href":"https:\/\/www.turismocaravaca.com\/blog\/wp-json\/wp\/v2\/posts\/5180"}],"collection":[{"href":"https:\/\/www.turismocaravaca.com\/blog\/wp-json\/wp\/v2\/posts"}],"about":[{"href":"https:\/\/www.turismocaravaca.com\/blog\/wp-json\/wp\/v2\/types\/post"}],"author":[{"embeddable":true,"href":"https:\/\/www.turismocaravaca.com\/blog\/wp-json\/wp\/v2\/users\/2"}],"replies":[{"embeddable":true,"href":"https:\/\/www.turismocaravaca.com\/blog\/wp-json\/wp\/v2\/comments?post=5180"}],"version-history":[{"count":1,"href":"https:\/\/www.turismocaravaca.com\/blog\/wp-json\/wp\/v2\/posts\/5180\/revisions"}],"predecessor-version":[{"id":5401,"href":"https:\/\/www.turismocaravaca.com\/blog\/wp-json\/wp\/v2\/posts\/5180\/revisions\/5401"}],"wp:attachment":[{"href":"https:\/\/www.turismocaravaca.com\/blog\/wp-json\/wp\/v2\/media?parent=5180"}],"wp:term":[{"taxonomy":"category","embeddable":true,"href":"https:\/\/www.turismocaravaca.com\/blog\/wp-json\/wp\/v2\/categories?post=5180"},{"taxonomy":"post_tag","embeddable":true,"href":"https:\/\/www.turismocaravaca.com\/blog\/wp-json\/wp\/v2\/tags?post=5180"}],"curies":[{"name":"wp","href":"https:\/\/api.w.org\/{rel}","templated":true}]}}