{"id":5268,"date":"2016-06-30T08:42:29","date_gmt":"2016-06-30T08:42:29","guid":{"rendered":"https:\/\/turismocaravaca.wordpress.com\/?p=5268"},"modified":"2017-09-04T16:46:58","modified_gmt":"2017-09-04T16:46:58","slug":"una-veintena-de-estudiantes-y-profesores-formaran-parte-de-la-xxvii-campana-de-excavacion-arqueologica-de-la-cueva-negra-que-tendra-lugar-del-30-de-junio-al-21-de-julio","status":"publish","type":"post","link":"https:\/\/www.turismocaravaca.com\/blog\/una-veintena-de-estudiantes-y-profesores-formaran-parte-de-la-xxvii-campana-de-excavacion-arqueologica-de-la-cueva-negra-que-tendra-lugar-del-30-de-junio-al-21-de-julio\/","title":{"rendered":"Una veintena de estudiantes y profesores formar\u00e1n parte de la XXVII Campa\u00f1a de Excavaci\u00f3n Arqueol\u00f3gica de la Cueva Negra, que tendr\u00e1 lugar del 30 de junio al 21 de julio."},"content":{"rendered":"<p style=\"text-align:justify;\">Una veintena de estudiantes y profesores formar\u00e1n parte de la XXVII Campa\u00f1a de Excavaci\u00f3n Arqueol\u00f3gica de la Cueva Negra, que tendr\u00e1 lugar del 30 de junio al 21 de julio, organizada por la Asociaci\u00f3n Murciana para el Estudio de la Paleoantropolog\u00eda y el Cuaternario <strong>(<\/strong><strong>Mupantquat), con la colaboraci\u00f3n del Ayuntamiento de Caravaca de la Cruz. <\/strong><\/p>\n<p style=\"text-align:justify;\">\u00a0\u00a0\u00a0\u00a0\u00a0\u00a0\u00a0\u00a0\u00a0\u00a0\u00a0 En la escuela de campo participar\u00e1n expertos y alumnos de la Universidad de Murcia, junto a estudiantes llegados de Estados Unidos, Reino Unido, Canad\u00e1, China y Australia. Los trabajos estar\u00e1n codirigidos por los profesores Michael J. Walker, Mariano L\u00f3pez Mart\u00ednez y Mar\u00eda Haber Uriarte.<\/p>\n<p style=\"text-align:justify;\">\u00a0\u00a0\u00a0\u00a0\u00a0\u00a0\u00a0\u00a0\u00a0\u00a0\u00a0 La Cueva Negra, con una antig\u00fcedad de entre 780.000 y 900.000 a\u00f1os, se ha convertido en un referente internacional para el estudio de la evoluci\u00f3n humana. Los hallazgos de las \u00faltimas campa\u00f1as de excavaci\u00f3n confirman que es en este yacimiento del Estrecho del R\u00edo Qu\u00edpar de La Encarnaci\u00f3n, donde se localiza la evidencia de empleo de fuego por el hombre m\u00e1s antigua de Europa.<\/p>\n<p style=\"text-align:justify;\">Este mes de junio, la revista la revista brit\u00e1nica \u2018Antiquity\u2019, una de las de mayor circulaci\u00f3n internacional en el \u00e1mbito de la Arqueolog\u00eda, abre su \u00faltimo n\u00famero con un art\u00edculo sobre\u00a0la presencia de fuego intencionado en la Cueva Negra.<\/p>\n<p style=\"text-align:justify;\">Dicha publicaci\u00f3n destaca en sus p\u00e1ginas que \u201cel control del fuego es una caracter\u00edstica de desarrollo de la cognici\u00f3n humana y una tecnolog\u00eda esencial para la colonizaci\u00f3n de las latitudes m\u00e1s fr\u00edas. En Europa, la evidencia m\u00e1s temprana la encontramos en Cueva Negra. Se han documentado sedimentos carbonizados, hueso calcinado y s\u00edlex alterado t\u00e9rmicamente en un dep\u00f3sito profundo, fechado en 0,8 millones de a\u00f1os de antig\u00fcedad. Una combinaci\u00f3n de an\u00e1lisis indica que estos hab\u00edan sido calentados entre 400 y 600\u00b0 C. Los\u00a0an\u00e1lisis del sedimento y la hidroxiapatita tambi\u00e9n sugieren la quema y\u00a0degradaci\u00f3n del hueso. Los resultados proporcionan una nueva visi\u00f3n sobre el uso del fuego en el Paleol\u00edtico y su importancia para la evoluci\u00f3n humana\u201d.<\/p>\n<div id='gallery-1' class='gallery galleryid-5268 gallery-columns-3 gallery-size-thumbnail'><figure class='gallery-item'>\n\t\t\t<div class='gallery-icon landscape'>\n\t\t\t\t<a href='https:\/\/www.turismocaravaca.com\/blog\/una-veintena-de-estudiantes-y-profesores-formaran-parte-de-la-xxvii-campana-de-excavacion-arqueologica-de-la-cueva-negra-que-tendra-lugar-del-30-de-junio-al-21-de-julio\/cueva-negra-exterior\/'><img loading=\"lazy\" decoding=\"async\" width=\"150\" height=\"150\" src=\"https:\/\/www.turismocaravaca.com\/blog\/wp-content\/uploads\/2016\/06\/cueva-negra-exterior-150x150.jpg\" class=\"attachment-thumbnail size-thumbnail\" alt=\"\" \/><\/a>\n\t\t\t<\/div><\/figure><figure class='gallery-item'>\n\t\t\t<div class='gallery-icon landscape'>\n\t\t\t\t<a href='https:\/\/www.turismocaravaca.com\/blog\/una-veintena-de-estudiantes-y-profesores-formaran-parte-de-la-xxvii-campana-de-excavacion-arqueologica-de-la-cueva-negra-que-tendra-lugar-del-30-de-junio-al-21-de-julio\/cuevanegra02-2\/'><img loading=\"lazy\" decoding=\"async\" width=\"150\" height=\"150\" src=\"https:\/\/www.turismocaravaca.com\/blog\/wp-content\/uploads\/2016\/06\/cuevanegra02-150x150.jpg\" class=\"attachment-thumbnail size-thumbnail\" alt=\"\" \/><\/a>\n\t\t\t<\/div><\/figure><figure class='gallery-item'>\n\t\t\t<div class='gallery-icon landscape'>\n\t\t\t\t<a href='https:\/\/www.turismocaravaca.com\/blog\/una-veintena-de-estudiantes-y-profesores-formaran-parte-de-la-xxvii-campana-de-excavacion-arqueologica-de-la-cueva-negra-que-tendra-lugar-del-30-de-junio-al-21-de-julio\/cuevanegrainterior\/'><img loading=\"lazy\" decoding=\"async\" width=\"150\" height=\"150\" src=\"https:\/\/www.turismocaravaca.com\/blog\/wp-content\/uploads\/2016\/06\/cuevanegrainterior-150x150.jpg\" class=\"attachment-thumbnail size-thumbnail\" alt=\"\" \/><\/a>\n\t\t\t<\/div><\/figure>\n\t\t<\/div>\n\n<p style=\"text-align:justify;\">\n","protected":false},"excerpt":{"rendered":"<p>Una veintena de estudiantes y profesores formar\u00e1n parte de la XXVII Campa\u00f1a de Excavaci\u00f3n Arqueol\u00f3gica de la Cueva Negra, que tendr\u00e1 lugar del 30 de junio al 21 de julio, organizada por la Asociaci\u00f3n Murciana para el Estudio de la Paleoantropolog\u00eda y el Cuaternario (Mupantquat), con la colaboraci\u00f3n del Ayuntamiento de Caravaca de la Cruz. [&hellip;]<\/p>\n","protected":false},"author":2,"featured_media":0,"comment_status":"open","ping_status":"open","sticky":false,"template":"","format":"standard","meta":{"footnotes":""},"categories":[2126,34],"tags":[],"class_list":["post-5268","post","type-post","status-publish","format-standard","hentry","category-espanol","category-uncategorized"],"_links":{"self":[{"href":"https:\/\/www.turismocaravaca.com\/blog\/wp-json\/wp\/v2\/posts\/5268"}],"collection":[{"href":"https:\/\/www.turismocaravaca.com\/blog\/wp-json\/wp\/v2\/posts"}],"about":[{"href":"https:\/\/www.turismocaravaca.com\/blog\/wp-json\/wp\/v2\/types\/post"}],"author":[{"embeddable":true,"href":"https:\/\/www.turismocaravaca.com\/blog\/wp-json\/wp\/v2\/users\/2"}],"replies":[{"embeddable":true,"href":"https:\/\/www.turismocaravaca.com\/blog\/wp-json\/wp\/v2\/comments?post=5268"}],"version-history":[{"count":2,"href":"https:\/\/www.turismocaravaca.com\/blog\/wp-json\/wp\/v2\/posts\/5268\/revisions"}],"predecessor-version":[{"id":6621,"href":"https:\/\/www.turismocaravaca.com\/blog\/wp-json\/wp\/v2\/posts\/5268\/revisions\/6621"}],"wp:attachment":[{"href":"https:\/\/www.turismocaravaca.com\/blog\/wp-json\/wp\/v2\/media?parent=5268"}],"wp:term":[{"taxonomy":"category","embeddable":true,"href":"https:\/\/www.turismocaravaca.com\/blog\/wp-json\/wp\/v2\/categories?post=5268"},{"taxonomy":"post_tag","embeddable":true,"href":"https:\/\/www.turismocaravaca.com\/blog\/wp-json\/wp\/v2\/tags?post=5268"}],"curies":[{"name":"wp","href":"https:\/\/api.w.org\/{rel}","templated":true}]}}