{"id":5282,"date":"2016-06-30T08:58:10","date_gmt":"2016-06-30T08:58:10","guid":{"rendered":"https:\/\/turismocaravaca.wordpress.com\/?p=5282"},"modified":"2017-09-04T16:46:57","modified_gmt":"2017-09-04T16:46:57","slug":"el-4-de-julio-vuelve-el-cine-de-verano-con-expediente-warren-el-caso-enfield-the-conjuring","status":"publish","type":"post","link":"https:\/\/www.turismocaravaca.com\/blog\/el-4-de-julio-vuelve-el-cine-de-verano-con-expediente-warren-el-caso-enfield-the-conjuring\/","title":{"rendered":"El 4 de Julio vuelve el Cine de Verano con &#8216;Expediente Warren: El Caso Enfield (The Conjuring)&#8217;"},"content":{"rendered":"<p style=\"text-align:justify;\">El <strong>Cine de Verano<\/strong> vuelve a Caravaca, con la <strong>pel\u00edcula &#8216;Expediente Warren: El Caso Enfield (The Conjuring)&#8217;.<\/strong> El lugar elegido son las <strong>instalaciones de la <\/strong><strong>piscina municipal<\/strong>, Calle Madre Mar\u00eda Rosa Molas, frente al campo de futbol Antonio Mart\u00ednez \u201cEl Morao\u201d, a la entrada de Caravaca.<\/p>\n<p><strong>HORARIOS: <\/strong><\/p>\n<ul>\n<li><strong>LUNES 4 DE JULIO 22:00 \u00danico pase. <\/strong><\/li>\n<li><strong>MARTES 5 DE JULIO 22:00 \u00danico pase. <\/strong><\/li>\n<li><strong>MIERCOLES 6 DE JULIO 22:00 \u00danico pase. <\/strong><\/li>\n<\/ul>\n<p><strong>Sinopsis<\/strong><\/p>\n<p style=\"text-align:justify;\">&#8216;Expediente Warren: El Caso Enfield (The Conjuring)&#8217;, secuela de la exitosa cinta de terror dirigida por James Wan, nos acerca de nuevo a un peliagudo caso sobrenatural investigado por la pareja Warren. En esta ocasi\u00f3n la pel\u00edcula nos vuelve a traer al matrimonio Warren, qui\u00e9nes investigar\u00e1n un caso de posesi\u00f3n demon\u00edaca en una familia, los Hodgson. Ed y Lorraine Warren se trasladar\u00e1n a tierras brit\u00e1nicas, llegando a Enfield para hacer frente a estas presencias malignas. Janet es la v\u00edctima de estos extra\u00f1os poltergeist que intentar\u00e1n acabar con su vida y la de su familia. Los Warren se enfrentar\u00e1n a uno de los casos m\u00e1s dif\u00edciles de su carrera. Basado en hechos reales, fue uno de los casos paranormales que m\u00e1s impact\u00f3 en la sociedad europea, adem\u00e1s de ser uno de los m\u00e1s documentados. Voces encontradas rodearon a este caso que lleg\u00f3 a ser reivindicado por el fot\u00f3grafo Graham Morris en una entrevista radiof\u00f3nica de la que se har\u00eda eco BBC News. La pel\u00edcula, basada en un guion de Carey y Chad Hayes, con un reparto encabezado por Vera Farmiga, Patrick Wilson y Madison Wolfe, junto a Frances O&#8217;Connor, Sterling Jerins y Steve Coulter<\/p>\n<p>&nbsp;<\/p>\n<p>&nbsp;<\/p>\n<p><img loading=\"lazy\" decoding=\"async\" class=\"alignnone size-full wp-image-5287\" src=\"https:\/\/www.turismocaravaca.com\/blog\/wp-content\/uploads\/2016\/06\/4-5-6-julio2016-expediente-warren.jpg\" alt=\"4-5-6 julio2016-EXPEDIENTE WARREN\" width=\"667\" height=\"960\" srcset=\"https:\/\/www.turismocaravaca.com\/blog\/wp-content\/uploads\/2016\/06\/4-5-6-julio2016-expediente-warren.jpg 667w, https:\/\/www.turismocaravaca.com\/blog\/wp-content\/uploads\/2016\/06\/4-5-6-julio2016-expediente-warren-208x300.jpg 208w\" sizes=\"(max-width: 667px) 100vw, 667px\" \/><\/p>\n","protected":false},"excerpt":{"rendered":"<p>El Cine de Verano vuelve a Caravaca, con la pel\u00edcula &#8216;Expediente Warren: El Caso Enfield (The Conjuring)&#8217;. El lugar elegido son las instalaciones de la piscina municipal, Calle Madre Mar\u00eda Rosa Molas, frente al campo de futbol Antonio Mart\u00ednez \u201cEl Morao\u201d, a la entrada de Caravaca. HORARIOS: LUNES 4 DE JULIO 22:00 \u00danico pase. MARTES [&hellip;]<\/p>\n","protected":false},"author":2,"featured_media":0,"comment_status":"open","ping_status":"open","sticky":false,"template":"","format":"standard","meta":{"footnotes":""},"categories":[2126,34],"tags":[],"class_list":["post-5282","post","type-post","status-publish","format-standard","hentry","category-espanol","category-uncategorized"],"_links":{"self":[{"href":"https:\/\/www.turismocaravaca.com\/blog\/wp-json\/wp\/v2\/posts\/5282"}],"collection":[{"href":"https:\/\/www.turismocaravaca.com\/blog\/wp-json\/wp\/v2\/posts"}],"about":[{"href":"https:\/\/www.turismocaravaca.com\/blog\/wp-json\/wp\/v2\/types\/post"}],"author":[{"embeddable":true,"href":"https:\/\/www.turismocaravaca.com\/blog\/wp-json\/wp\/v2\/users\/2"}],"replies":[{"embeddable":true,"href":"https:\/\/www.turismocaravaca.com\/blog\/wp-json\/wp\/v2\/comments?post=5282"}],"version-history":[{"count":1,"href":"https:\/\/www.turismocaravaca.com\/blog\/wp-json\/wp\/v2\/posts\/5282\/revisions"}],"predecessor-version":[{"id":5389,"href":"https:\/\/www.turismocaravaca.com\/blog\/wp-json\/wp\/v2\/posts\/5282\/revisions\/5389"}],"wp:attachment":[{"href":"https:\/\/www.turismocaravaca.com\/blog\/wp-json\/wp\/v2\/media?parent=5282"}],"wp:term":[{"taxonomy":"category","embeddable":true,"href":"https:\/\/www.turismocaravaca.com\/blog\/wp-json\/wp\/v2\/categories?post=5282"},{"taxonomy":"post_tag","embeddable":true,"href":"https:\/\/www.turismocaravaca.com\/blog\/wp-json\/wp\/v2\/tags?post=5282"}],"curies":[{"name":"wp","href":"https:\/\/api.w.org\/{rel}","templated":true}]}}