{"id":5299,"date":"2016-06-30T09:05:35","date_gmt":"2016-06-30T09:05:35","guid":{"rendered":"https:\/\/turismocaravaca.wordpress.com\/?p=5299"},"modified":"2017-09-04T16:46:57","modified_gmt":"2017-09-04T16:46:57","slug":"el-campus-de-futbol-y-futbol-sala-mista-celebra-su-xvii-edicion-del-3-al-8-de-julio","status":"publish","type":"post","link":"https:\/\/www.turismocaravaca.com\/blog\/el-campus-de-futbol-y-futbol-sala-mista-celebra-su-xvii-edicion-del-3-al-8-de-julio\/","title":{"rendered":"El Campus de F\u00fatbol y F\u00fatbol Sala \u2018Mista\u2019 celebra su XVII edici\u00f3n del 3 al 8 de julio"},"content":{"rendered":"<p style=\"text-align: justify;\">Del 3 al 8 de julio, las instalaciones deportivas municipales y el alberge de las Fuentes del Marqu\u00e9s albergan la XVII edici\u00f3n del Campus de F\u00fatbol y F\u00fatbol Sala \u2018Mista\u2019, dirigido a medio centenar de ni\u00f1os y ni\u00f1as, con edades comprendidas entre los 6 y 15 de a\u00f1os.<\/p>\n<p style=\"text-align: justify;\">\u00a0\u00a0\u00a0\u00a0\u00a0\u00a0\u00a0\u00a0\u00a0\u00a0\u00a0 Seg\u00fan declaraciones del concejal de Deportes en el Ayuntamiento de Caravaca de la Cruz, Antonio Donate, \u201cel campus, que goza de una gran aceptaci\u00f3n verano tras verano, se centra en trabajar aspectos relacionados con la t\u00e9cnica y t\u00e1ctica del f\u00fatbol, pero otro de sus objetivos prioritarios es enriquecer las relaciones sociales de los ni\u00f1os fuera de su \u00e1mbito cotidiano, potenciando aspectos como la motivaci\u00f3n, la autoestima, el compa\u00f1erismo o el respecto a la naturaleza, siempre bajo los principios de \u2018fair play\u2019 o juego limpio\u201d.<\/p>\n<p style=\"text-align: justify;\">\u00a0\u00a0\u00a0\u00a0\u00a0\u00a0\u00a0\u00a0\u00a0\u00a0\u00a0 Por su parte, el coordinador de esta actividad, Jos\u00e9 Tudela, avanz\u00f3 que este a\u00f1o el campus tambi\u00e9n cuenta con dos modalidades de participaci\u00f3n y una secci\u00f3n espec\u00edfica para la formaci\u00f3n de porteros, en la que se trabaja la habilidad y destreza en la posici\u00f3n de guardamenta.<\/p>\n<p style=\"text-align: justify;\">\u00a0\u00a0\u00a0\u00a0\u00a0\u00a0\u00a0\u00a0\u00a0\u00a0\u00a0 Entre los monitores del campus figuran Miguel \u00c1ngel Ferrer \u2018Mista\u2019, exfutbolista y entrenador del Valencia CF Juvenil; Ismael Mar\u00edn \u2018Urzaiz\u2019, jugador del Eldense, Real Murcia y Poferradina; Mariano Oyonarte, entrenador de f\u00fatbol y coordinador de la Escuela Municipal de F\u00fatbol; Jos\u00e9 \u00c1ngel Oyonarte, entrenador y especialista en la formaci\u00f3n de porteros, y Jos\u00e9 Carlos Gozalbes, director deportivo de la Selecci\u00f3n Comarcal del Noroeste y R\u00edo Mula, adem\u00e1s de distintos maestros especialistas en Educaci\u00f3n F\u00edsica.<\/p>\n<p style=\"text-align: justify;\"><img loading=\"lazy\" decoding=\"async\" class=\"alignnone size-full wp-image-5302\" src=\"https:\/\/www.turismocaravaca.com\/blog\/wp-content\/uploads\/2016\/06\/campus-mista-2016.jpg\" alt=\"Campus mista 2016\" width=\"453\" height=\"640\" srcset=\"https:\/\/www.turismocaravaca.com\/blog\/wp-content\/uploads\/2016\/06\/campus-mista-2016.jpg 453w, https:\/\/www.turismocaravaca.com\/blog\/wp-content\/uploads\/2016\/06\/campus-mista-2016-212x300.jpg 212w\" sizes=\"(max-width: 453px) 100vw, 453px\" \/><\/p>\n","protected":false},"excerpt":{"rendered":"<p>Del 3 al 8 de julio, las instalaciones deportivas municipales y el alberge de las Fuentes del Marqu\u00e9s albergan la XVII edici\u00f3n del Campus de F\u00fatbol y F\u00fatbol Sala \u2018Mista\u2019, dirigido a medio centenar de ni\u00f1os y ni\u00f1as, con edades comprendidas entre los 6 y 15 de a\u00f1os. \u00a0\u00a0\u00a0\u00a0\u00a0\u00a0\u00a0\u00a0\u00a0\u00a0\u00a0 Seg\u00fan declaraciones del concejal de Deportes [&hellip;]<\/p>\n","protected":false},"author":2,"featured_media":0,"comment_status":"open","ping_status":"open","sticky":false,"template":"","format":"standard","meta":{"footnotes":""},"categories":[2126,34],"tags":[],"class_list":["post-5299","post","type-post","status-publish","format-standard","hentry","category-espanol","category-uncategorized"],"_links":{"self":[{"href":"https:\/\/www.turismocaravaca.com\/blog\/wp-json\/wp\/v2\/posts\/5299"}],"collection":[{"href":"https:\/\/www.turismocaravaca.com\/blog\/wp-json\/wp\/v2\/posts"}],"about":[{"href":"https:\/\/www.turismocaravaca.com\/blog\/wp-json\/wp\/v2\/types\/post"}],"author":[{"embeddable":true,"href":"https:\/\/www.turismocaravaca.com\/blog\/wp-json\/wp\/v2\/users\/2"}],"replies":[{"embeddable":true,"href":"https:\/\/www.turismocaravaca.com\/blog\/wp-json\/wp\/v2\/comments?post=5299"}],"version-history":[{"count":2,"href":"https:\/\/www.turismocaravaca.com\/blog\/wp-json\/wp\/v2\/posts\/5299\/revisions"}],"predecessor-version":[{"id":5387,"href":"https:\/\/www.turismocaravaca.com\/blog\/wp-json\/wp\/v2\/posts\/5299\/revisions\/5387"}],"wp:attachment":[{"href":"https:\/\/www.turismocaravaca.com\/blog\/wp-json\/wp\/v2\/media?parent=5299"}],"wp:term":[{"taxonomy":"category","embeddable":true,"href":"https:\/\/www.turismocaravaca.com\/blog\/wp-json\/wp\/v2\/categories?post=5299"},{"taxonomy":"post_tag","embeddable":true,"href":"https:\/\/www.turismocaravaca.com\/blog\/wp-json\/wp\/v2\/tags?post=5299"}],"curies":[{"name":"wp","href":"https:\/\/api.w.org\/{rel}","templated":true}]}}