{"id":536,"date":"2012-07-06T09:24:10","date_gmt":"2012-07-06T09:24:10","guid":{"rendered":"http:\/\/turismocaravaca.wordpress.com\/?p=536"},"modified":"2017-09-04T16:38:24","modified_gmt":"2017-09-04T16:38:24","slug":"quien-dijo-que-los-lunes-eran-aburridos","status":"publish","type":"post","link":"https:\/\/www.turismocaravaca.com\/blog\/quien-dijo-que-los-lunes-eran-aburridos\/","title":{"rendered":"\u00bfQUIEN DIJO QUE LOS LUNES ERAN ABURRIDOS???"},"content":{"rendered":"<p style=\"text-align:justify;\">Ahora, en Caravaca de la Cruz y durante los meses de Julio y Agosto, ya tienes una buena raz\u00f3n para desear que lleguen los lunes.<\/p>\n<p style=\"text-align:justify;\"><a href=\"http:\/\/localhost:81\/turismo\/blog\/wp-content\/uploads\/2012\/07\/logo-cine.jpg\"><img loading=\"lazy\" decoding=\"async\" class=\"alignnone  wp-image-539\" title=\"Logo Cine\" src=\"http:\/\/localhost:81\/turismo\/blog\/wp-content\/uploads\/2012\/07\/logo-cine.jpg\" alt=\"\" width=\"72\" height=\"88\" \/><\/a>En el <strong><em>Teatro Thuillier<\/em> <\/strong>de nuestra localidad podr\u00e1s disfrutar del mejor cine. \u00bfQuieres disfrutar de una buena pel\u00edcula? Te informamos en nuestra p\u00e1gina.<\/p>\n<p style=\"text-align:justify;\">El pr\u00f3ximo lunes, 9 de Julio, \u201c<strong>Ice Age 4, la Formaci\u00f3n de los Continentes<\/strong>\u201d. La cuarta entrega de esta pel\u00edcula de animaci\u00f3n nos sigue mostrando la obsesi\u00f3n de Scrat por una bellota, volviendo a provocar el caos. Manny, Diego y Sid vivir\u00e1n toda una aventura en alta mar a bordo de un iceberg como nave\u2026..<\/p>\n<p><a href=\"http:\/\/localhost:81\/turismo\/blog\/wp-content\/uploads\/2012\/07\/ice-age-9-de-julio-peq.jpg\"><img loading=\"lazy\" decoding=\"async\" class=\"size-medium wp-image-537 alignleft\" title=\"ICE AGE. 9 DE JULIO-PEQ.\" src=\"http:\/\/localhost:81\/turismo\/blog\/wp-content\/uploads\/2012\/07\/ice-age-9-de-julio-peq.jpg?w=202\" alt=\"\" width=\"202\" height=\"300\" srcset=\"https:\/\/www.turismocaravaca.com\/blog\/wp-content\/uploads\/2012\/07\/ice-age-9-de-julio-peq.jpg 980w, https:\/\/www.turismocaravaca.com\/blog\/wp-content\/uploads\/2012\/07\/ice-age-9-de-julio-peq-202x300.jpg 202w, https:\/\/www.turismocaravaca.com\/blog\/wp-content\/uploads\/2012\/07\/ice-age-9-de-julio-peq-691x1024.jpg 691w\" sizes=\"(max-width: 202px) 100vw, 202px\" \/><\/a><\/p>\n<p style=\"text-align:justify;\">\u00a0<\/p>\n<p style=\"text-align:justify;\"><a href=\"http:\/\/localhost:81\/turismo\/blog\/wp-content\/uploads\/2012\/07\/ice-age-9-de-julio-peq-2.jpg\"><img loading=\"lazy\" decoding=\"async\" class=\"wp-image-538 alignnone\" title=\"ICE AGE. 9 DE JULIO-PEQ-2\" src=\"http:\/\/localhost:81\/turismo\/blog\/wp-content\/uploads\/2012\/07\/ice-age-9-de-julio-peq-2.jpg?w=300\" alt=\"\" width=\"239\" height=\"201\" \/><\/a>\u00a0<\/p>\n<p style=\"text-align:justify;\">\u00a0<\/p>\n<p style=\"text-align:justify;\">\u00a0<\/p>\n<p style=\"text-align:justify;\"><em><strong>\u00a1\u00a1\u00a1\u00a0No te la pierdas!!!<\/strong><\/em> Es apta para todos los p\u00fablicos, y tienes dos pases donde elegir: a las 19h. o a las 21h.<\/p>\n<p style=\"text-align:justify;\">Lo dicho, desde aqu\u00ed\u00a0 te iremos informando puntualmente de toda la cartelera.<\/p>\n<p style=\"text-align:center;\"><strong>\u00a0\u00a1\u00a1APUNTATE AL BUEN CINE!!<\/strong><\/p>\n","protected":false},"excerpt":{"rendered":"<p>Ahora, en Caravaca de la Cruz y durante los meses de Julio y Agosto, ya tienes una buena raz\u00f3n para desear que lleguen los lunes. En el Teatro Thuillier de nuestra localidad podr\u00e1s disfrutar del mejor cine. \u00bfQuieres disfrutar de una buena pel\u00edcula? Te informamos en nuestra p\u00e1gina. El pr\u00f3ximo lunes, 9 de Julio, \u201cIce [&hellip;]<\/p>\n","protected":false},"author":2,"featured_media":0,"comment_status":"open","ping_status":"open","sticky":false,"template":"","format":"standard","meta":{"footnotes":""},"categories":[3,2126],"tags":[],"class_list":["post-536","post","type-post","status-publish","format-standard","hentry","category-actividades","category-espanol"],"_links":{"self":[{"href":"https:\/\/www.turismocaravaca.com\/blog\/wp-json\/wp\/v2\/posts\/536"}],"collection":[{"href":"https:\/\/www.turismocaravaca.com\/blog\/wp-json\/wp\/v2\/posts"}],"about":[{"href":"https:\/\/www.turismocaravaca.com\/blog\/wp-json\/wp\/v2\/types\/post"}],"author":[{"embeddable":true,"href":"https:\/\/www.turismocaravaca.com\/blog\/wp-json\/wp\/v2\/users\/2"}],"replies":[{"embeddable":true,"href":"https:\/\/www.turismocaravaca.com\/blog\/wp-json\/wp\/v2\/comments?post=536"}],"version-history":[{"count":1,"href":"https:\/\/www.turismocaravaca.com\/blog\/wp-json\/wp\/v2\/posts\/536\/revisions"}],"predecessor-version":[{"id":6241,"href":"https:\/\/www.turismocaravaca.com\/blog\/wp-json\/wp\/v2\/posts\/536\/revisions\/6241"}],"wp:attachment":[{"href":"https:\/\/www.turismocaravaca.com\/blog\/wp-json\/wp\/v2\/media?parent=536"}],"wp:term":[{"taxonomy":"category","embeddable":true,"href":"https:\/\/www.turismocaravaca.com\/blog\/wp-json\/wp\/v2\/categories?post=536"},{"taxonomy":"post_tag","embeddable":true,"href":"https:\/\/www.turismocaravaca.com\/blog\/wp-json\/wp\/v2\/tags?post=536"}],"curies":[{"name":"wp","href":"https:\/\/api.w.org\/{rel}","templated":true}]}}