{"id":5360,"date":"2016-07-12T15:43:38","date_gmt":"2016-07-12T15:43:38","guid":{"rendered":"https:\/\/turismocaravaca.wordpress.com\/?p=5360"},"modified":"2017-09-04T16:46:57","modified_gmt":"2017-09-04T16:46:57","slug":"este-viernes-en-la-explanada-del-castillo-actuara-amancio-prada","status":"publish","type":"post","link":"https:\/\/www.turismocaravaca.com\/blog\/este-viernes-en-la-explanada-del-castillo-actuara-amancio-prada\/","title":{"rendered":"Este viernes, en la explanada del castillo, actuar\u00e1 Amancio Prada."},"content":{"rendered":"<p>Este viernes, 15 de julio, a las 22:00 horas, en la explanada del castillo, dentro del ciclo de conciertos \u00abM\u00fasica en el Castillo\u00bb, actuar\u00e1 AMANCIO PRADA. Os adjuntamos el cartel del evento para m\u00e1s informaci\u00f3n.<\/p>\n<p><img loading=\"lazy\" decoding=\"async\" class=\"alignnone size-full wp-image-5367\" src=\"https:\/\/www.turismocaravaca.com\/blog\/wp-content\/uploads\/2016\/07\/cartel-amancio-prada.jpg\" alt=\"Cartel Amancio Prada\" width=\"1194\" height=\"1654\" srcset=\"https:\/\/www.turismocaravaca.com\/blog\/wp-content\/uploads\/2016\/07\/cartel-amancio-prada.jpg 1194w, https:\/\/www.turismocaravaca.com\/blog\/wp-content\/uploads\/2016\/07\/cartel-amancio-prada-217x300.jpg 217w, https:\/\/www.turismocaravaca.com\/blog\/wp-content\/uploads\/2016\/07\/cartel-amancio-prada-739x1024.jpg 739w\" sizes=\"(max-width: 1194px) 100vw, 1194px\" \/><\/p>\n","protected":false},"excerpt":{"rendered":"<p>Este viernes, 15 de julio, a las 22:00 horas, en la explanada del castillo, dentro del ciclo de conciertos \u00abM\u00fasica en el Castillo\u00bb, actuar\u00e1 AMANCIO PRADA. Os adjuntamos el cartel del evento para m\u00e1s informaci\u00f3n.<\/p>\n","protected":false},"author":2,"featured_media":0,"comment_status":"open","ping_status":"open","sticky":false,"template":"","format":"standard","meta":{"footnotes":""},"categories":[2126,34],"tags":[],"class_list":["post-5360","post","type-post","status-publish","format-standard","hentry","category-espanol","category-uncategorized"],"_links":{"self":[{"href":"https:\/\/www.turismocaravaca.com\/blog\/wp-json\/wp\/v2\/posts\/5360"}],"collection":[{"href":"https:\/\/www.turismocaravaca.com\/blog\/wp-json\/wp\/v2\/posts"}],"about":[{"href":"https:\/\/www.turismocaravaca.com\/blog\/wp-json\/wp\/v2\/types\/post"}],"author":[{"embeddable":true,"href":"https:\/\/www.turismocaravaca.com\/blog\/wp-json\/wp\/v2\/users\/2"}],"replies":[{"embeddable":true,"href":"https:\/\/www.turismocaravaca.com\/blog\/wp-json\/wp\/v2\/comments?post=5360"}],"version-history":[{"count":2,"href":"https:\/\/www.turismocaravaca.com\/blog\/wp-json\/wp\/v2\/posts\/5360\/revisions"}],"predecessor-version":[{"id":5374,"href":"https:\/\/www.turismocaravaca.com\/blog\/wp-json\/wp\/v2\/posts\/5360\/revisions\/5374"}],"wp:attachment":[{"href":"https:\/\/www.turismocaravaca.com\/blog\/wp-json\/wp\/v2\/media?parent=5360"}],"wp:term":[{"taxonomy":"category","embeddable":true,"href":"https:\/\/www.turismocaravaca.com\/blog\/wp-json\/wp\/v2\/categories?post=5360"},{"taxonomy":"post_tag","embeddable":true,"href":"https:\/\/www.turismocaravaca.com\/blog\/wp-json\/wp\/v2\/tags?post=5360"}],"curies":[{"name":"wp","href":"https:\/\/api.w.org\/{rel}","templated":true}]}}