{"id":5428,"date":"2016-07-21T11:26:43","date_gmt":"2016-07-21T11:26:43","guid":{"rendered":"http:\/\/www.turismocaravaca.com\/blog\/?p=5428"},"modified":"2017-09-04T16:46:57","modified_gmt":"2017-09-04T16:46:57","slug":"xxxvi-semana-de-teatro","status":"publish","type":"post","link":"https:\/\/www.turismocaravaca.com\/blog\/xxxvi-semana-de-teatro\/","title":{"rendered":"XXXVI Semana de teatro"},"content":{"rendered":"<p>Como cada verano, el pr\u00f3ximo lunes 25 de julio dar\u00e1 comienzo la semana de teatro en nuestra ciudad. Os dejamos el cartel con la programaci\u00f3n, horarios y precios de cada una de las obras que se van a representar. Os recomendamos estas fant\u00e1sticas veladas en el m\u00e1gico marco de la <strong>Plaza de Toros de Caravaca de la Cruz.<\/strong><a href=\"https:\/\/www.turismocaravaca.com\/blog\/wp-content\/uploads\/2016\/07\/cartelSTeatro2016grande2.jpg\"><img loading=\"lazy\" decoding=\"async\" class=\"aligncenter  wp-image-5429\" src=\"https:\/\/www.turismocaravaca.com\/blog\/wp-content\/uploads\/2016\/07\/cartelSTeatro2016grande2-732x1024.jpg\" alt=\"cartelSTeatro2016grande2\" width=\"567\" height=\"793\" srcset=\"https:\/\/www.turismocaravaca.com\/blog\/wp-content\/uploads\/2016\/07\/cartelSTeatro2016grande2-732x1024.jpg 732w, https:\/\/www.turismocaravaca.com\/blog\/wp-content\/uploads\/2016\/07\/cartelSTeatro2016grande2-214x300.jpg 214w, https:\/\/www.turismocaravaca.com\/blog\/wp-content\/uploads\/2016\/07\/cartelSTeatro2016grande2-768x1074.jpg 768w, https:\/\/www.turismocaravaca.com\/blog\/wp-content\/uploads\/2016\/07\/cartelSTeatro2016grande2.jpg 985w\" sizes=\"(max-width: 567px) 100vw, 567px\" \/><\/a><\/p>\n","protected":false},"excerpt":{"rendered":"<p>Como cada verano, el pr\u00f3ximo lunes 25 de julio dar\u00e1 comienzo la semana de teatro en nuestra ciudad. Os dejamos el cartel con la programaci\u00f3n, horarios y precios de cada una de las obras que se van a representar. Os recomendamos estas fant\u00e1sticas veladas en el m\u00e1gico marco de la Plaza de Toros de Caravaca [&hellip;]<\/p>\n","protected":false},"author":2,"featured_media":0,"comment_status":"open","ping_status":"open","sticky":false,"template":"","format":"standard","meta":{"footnotes":""},"categories":[3,2126,14,2116],"tags":[356,364,1832],"class_list":["post-5428","post","type-post","status-publish","format-standard","hentry","category-actividades","category-espanol","category-eventos","category-teatro","tag-caravaca","tag-caravaca-de-la-cruz","tag-semana-de-teatro"],"_links":{"self":[{"href":"https:\/\/www.turismocaravaca.com\/blog\/wp-json\/wp\/v2\/posts\/5428"}],"collection":[{"href":"https:\/\/www.turismocaravaca.com\/blog\/wp-json\/wp\/v2\/posts"}],"about":[{"href":"https:\/\/www.turismocaravaca.com\/blog\/wp-json\/wp\/v2\/types\/post"}],"author":[{"embeddable":true,"href":"https:\/\/www.turismocaravaca.com\/blog\/wp-json\/wp\/v2\/users\/2"}],"replies":[{"embeddable":true,"href":"https:\/\/www.turismocaravaca.com\/blog\/wp-json\/wp\/v2\/comments?post=5428"}],"version-history":[{"count":2,"href":"https:\/\/www.turismocaravaca.com\/blog\/wp-json\/wp\/v2\/posts\/5428\/revisions"}],"predecessor-version":[{"id":5431,"href":"https:\/\/www.turismocaravaca.com\/blog\/wp-json\/wp\/v2\/posts\/5428\/revisions\/5431"}],"wp:attachment":[{"href":"https:\/\/www.turismocaravaca.com\/blog\/wp-json\/wp\/v2\/media?parent=5428"}],"wp:term":[{"taxonomy":"category","embeddable":true,"href":"https:\/\/www.turismocaravaca.com\/blog\/wp-json\/wp\/v2\/categories?post=5428"},{"taxonomy":"post_tag","embeddable":true,"href":"https:\/\/www.turismocaravaca.com\/blog\/wp-json\/wp\/v2\/tags?post=5428"}],"curies":[{"name":"wp","href":"https:\/\/api.w.org\/{rel}","templated":true}]}}