{"id":5432,"date":"2016-07-26T10:35:41","date_gmt":"2016-07-26T10:35:41","guid":{"rendered":"http:\/\/www.turismocaravaca.com\/blog\/?p=5432"},"modified":"2017-09-04T16:46:57","modified_gmt":"2017-09-04T16:46:57","slug":"caravaca-opta-a-convertirse-en-un-destino-turistico-inteligente","status":"publish","type":"post","link":"https:\/\/www.turismocaravaca.com\/blog\/caravaca-opta-a-convertirse-en-un-destino-turistico-inteligente\/","title":{"rendered":"Caravaca opta a convertirse en un destino tur\u00edstico inteligente"},"content":{"rendered":"<p><strong>El municipio ha sido seleccionado como uno de los ocho destinos nacionales piloto para el desarrollo de un proyecto I+D+I<\/strong><\/p>\n<p style=\"text-align: justify;\"><strong>\u00a0<\/strong><strong><a href=\"https:\/\/www.turismocaravaca.com\/blog\/wp-content\/uploads\/2016\/07\/reunionproyectodestinoturisticointeligente.jpg\"><img loading=\"lazy\" decoding=\"async\" class=\"aligncenter size-large wp-image-5433\" src=\"https:\/\/www.turismocaravaca.com\/blog\/wp-content\/uploads\/2016\/07\/reunionproyectodestinoturisticointeligente-1024x568.jpg\" alt=\"reunionproyectodestinoturisticointeligente\" width=\"768\" height=\"426\" srcset=\"https:\/\/www.turismocaravaca.com\/blog\/wp-content\/uploads\/2016\/07\/reunionproyectodestinoturisticointeligente-1024x568.jpg 1024w, https:\/\/www.turismocaravaca.com\/blog\/wp-content\/uploads\/2016\/07\/reunionproyectodestinoturisticointeligente-300x166.jpg 300w, https:\/\/www.turismocaravaca.com\/blog\/wp-content\/uploads\/2016\/07\/reunionproyectodestinoturisticointeligente-768x426.jpg 768w, https:\/\/www.turismocaravaca.com\/blog\/wp-content\/uploads\/2016\/07\/reunionproyectodestinoturisticointeligente.jpg 1493w\" sizes=\"(max-width: 768px) 100vw, 768px\" \/><\/a><\/strong> Caravaca de la Cruz da los primeros pasos para convertirse en un destino tur\u00edstico inteligente, tras la reuni\u00f3n que los concejales de Turismo, Gloria G\u00f3mez, y Cultura y Nuevas Tecnolog\u00edas, \u00d3scar Mart\u00ednez, mantuvieron con un equipo de profesores de las universidades de Murcia y Alicante.<\/p>\n<p style=\"text-align: justify;\">\u00a0\u00a0\u00a0\u00a0\u00a0\u00a0\u00a0\u00a0\u00a0\u00a0\u00a0 En dicho encuentro, los profesores, entre los que se encuentra Ram\u00f3n Garc\u00eda, natural de la pedan\u00eda de Archivel, presentaron un proyecto de I+D+I, financiado por el Ministerio de Econom\u00eda y Competitividad, para el que a nivel nacional se han seleccionado, como destinos de interior piloto, a los municipios de Caravaca de la Cruz y Taramundi (Asturias), junto a otros seis destinos urbanos y del litoral.<\/p>\n<p style=\"text-align: justify;\">\u00a0\u00a0\u00a0\u00a0\u00a0\u00a0\u00a0\u00a0\u00a0\u00a0\u00a0 \u201cHemos mantenido una primera toma de contacto con el equipo de especialistas que se van a encargar a partir del pr\u00f3ximo mes de septiembre de desarrollar los estudios\u201d, seg\u00fan ha informado \u00d3scar Mart\u00ednez. El proyecto \u2013ha puntualizado el concejal- est\u00e1 respaldado por la Sociedad Estatal para\u00a0la Gesti\u00f3n de la Innovaci\u00f3n y las Tecnolog\u00edas Tur\u00edsticas, Segittur.<\/p>\n<p style=\"text-align: justify;\">\u00a0\u00a0\u00a0\u00a0\u00a0\u00a0\u00a0\u00a0\u00a0\u00a0\u00a0 El planteamiento de destinos inteligentes busca la transformaci\u00f3n progresiva del modelo tur\u00edstico espa\u00f1ol, bas\u00e1ndose en los conceptos de innovaci\u00f3n, tecnolog\u00eda, sostenibilidad y accesibilidad. Entre los objetivos se encuentra adaptarse al comportamiento del turista, que ha cambiado notablemente \u00a0la manera de planificar y vivir sus vacaciones, para lograr una gesti\u00f3n m\u00e1s eficiente y una mayor rentabilidad y competitividad en el sector.<\/p>\n<p style=\"text-align: justify;\">\u00a0\u00a0\u00a0\u00a0\u00a0\u00a0\u00a0\u00a0\u00a0\u00a0\u00a0 Segittur define a un destino de turismo inteligente como un espacio tur\u00edstico innovador, accesible para todos, consolidado sobre una infraestructura tecnol\u00f3gica de vanguardia que garantiza el desarrollo sostenible del territorio, facilita la interacci\u00f3n e integraci\u00f3n del visitante con el entorno e incrementa la calidad de su experiencia en el destino y la calidad de vida de los residentes.<\/p>\n","protected":false},"excerpt":{"rendered":"<p>El municipio ha sido seleccionado como uno de los ocho destinos nacionales piloto para el desarrollo de un proyecto I+D+I \u00a0 Caravaca de la Cruz da los primeros pasos para convertirse en un destino tur\u00edstico inteligente, tras la reuni\u00f3n que los concejales de Turismo, Gloria G\u00f3mez, y Cultura y Nuevas Tecnolog\u00edas, \u00d3scar Mart\u00ednez, mantuvieron con [&hellip;]<\/p>\n","protected":false},"author":2,"featured_media":0,"comment_status":"open","ping_status":"open","sticky":false,"template":"","format":"standard","meta":{"footnotes":""},"categories":[2126,1],"tags":[],"class_list":["post-5432","post","type-post","status-publish","format-standard","hentry","category-espanol","category-sin-categoria"],"_links":{"self":[{"href":"https:\/\/www.turismocaravaca.com\/blog\/wp-json\/wp\/v2\/posts\/5432"}],"collection":[{"href":"https:\/\/www.turismocaravaca.com\/blog\/wp-json\/wp\/v2\/posts"}],"about":[{"href":"https:\/\/www.turismocaravaca.com\/blog\/wp-json\/wp\/v2\/types\/post"}],"author":[{"embeddable":true,"href":"https:\/\/www.turismocaravaca.com\/blog\/wp-json\/wp\/v2\/users\/2"}],"replies":[{"embeddable":true,"href":"https:\/\/www.turismocaravaca.com\/blog\/wp-json\/wp\/v2\/comments?post=5432"}],"version-history":[{"count":2,"href":"https:\/\/www.turismocaravaca.com\/blog\/wp-json\/wp\/v2\/posts\/5432\/revisions"}],"predecessor-version":[{"id":5442,"href":"https:\/\/www.turismocaravaca.com\/blog\/wp-json\/wp\/v2\/posts\/5432\/revisions\/5442"}],"wp:attachment":[{"href":"https:\/\/www.turismocaravaca.com\/blog\/wp-json\/wp\/v2\/media?parent=5432"}],"wp:term":[{"taxonomy":"category","embeddable":true,"href":"https:\/\/www.turismocaravaca.com\/blog\/wp-json\/wp\/v2\/categories?post=5432"},{"taxonomy":"post_tag","embeddable":true,"href":"https:\/\/www.turismocaravaca.com\/blog\/wp-json\/wp\/v2\/tags?post=5432"}],"curies":[{"name":"wp","href":"https:\/\/api.w.org\/{rel}","templated":true}]}}