{"id":5448,"date":"2016-07-28T11:46:56","date_gmt":"2016-07-28T11:46:56","guid":{"rendered":"http:\/\/www.turismocaravaca.com\/blog\/?p=5448"},"modified":"2017-09-04T16:46:57","modified_gmt":"2017-09-04T16:46:57","slug":"el-castillo-de-caravaca-se-traslada-al-siglo-xviii-en-agosto-con-las-visitas-nocturnas-teatralizadas","status":"publish","type":"post","link":"https:\/\/www.turismocaravaca.com\/blog\/el-castillo-de-caravaca-se-traslada-al-siglo-xviii-en-agosto-con-las-visitas-nocturnas-teatralizadas\/","title":{"rendered":"El Castillo de Caravaca se traslada al siglo XVIII en agosto, con las visitas nocturnas teatralizadas"},"content":{"rendered":"<p><strong>\u00a0<\/strong><\/p>\n<p><strong>La Concejal\u00eda de Turismo oferta esta actividad, apta para todos los p\u00fablicos, cada noche a las 22.00 horas, del 2 al 31 de agosto<\/strong><\/p>\n<p><strong>\u00a0<\/strong><\/p>\n<p><strong>La doceava edici\u00f3n de esta actividad presenta nuevos contenidos hist\u00f3ricos renovados y nuevos personajes<\/strong><\/p>\n<p><strong>\u00a0<\/strong><\/p>\n<p><strong><a href=\"https:\/\/www.turismocaravaca.com\/blog\/wp-content\/uploads\/2016\/07\/CartelVisitasNocturnasCastilloCaravaca2016.jpg\"><img loading=\"lazy\" decoding=\"async\" class=\"aligncenter size-full wp-image-5450\" src=\"https:\/\/www.turismocaravaca.com\/blog\/wp-content\/uploads\/2016\/07\/CartelVisitasNocturnasCastilloCaravaca2016.jpg\" alt=\"CartelVisitasNocturnasCastilloCaravaca2016\" width=\"658\" height=\"960\" srcset=\"https:\/\/www.turismocaravaca.com\/blog\/wp-content\/uploads\/2016\/07\/CartelVisitasNocturnasCastilloCaravaca2016.jpg 658w, https:\/\/www.turismocaravaca.com\/blog\/wp-content\/uploads\/2016\/07\/CartelVisitasNocturnasCastilloCaravaca2016-206x300.jpg 206w\" sizes=\"(max-width: 658px) 100vw, 658px\" \/><\/a><\/strong>La Concejal\u00eda de Turismo del Ayuntamiento de Caravaca, en colaboraci\u00f3n con la Cofrad\u00eda de la Vera Cruz, oferta del 2 al 31 de agosto el programa visitas nocturnas teatralizadas al Castillo y Real Bas\u00edlica. Cada noche, a las 22.00 horas, salvo los lunes, unos simp\u00e1ticos y peculiares personajes mostrar\u00e1n destacados y curiosos cap\u00edtulos la historia de la ciudad, a trav\u00e9s de una divertido recorrido dise\u00f1ado para todos los p\u00fablicos.<\/p>\n<p>\u201cSe ha preparado una visita con contenidos totalmente novedosos, ya que este verano la trama se desarrolla durante el reinado de Carlos IV y el mandato del comendador infante duque de Parma, aunque puntualmente se retrocede a la Edad Media en busca de sucesos transmitidos por las antiguas cr\u00f3nicas\u201d, tal y como ha adelantado la edil de Turismo, Gloria G\u00f3mez, quien ha animado a los caravaque\u00f1os y visitantes a participar en esta actividad con una doble vertiente tur\u00edstica y cultural.<\/p>\n<p>Por su parte, el coordinador del programa de visitas nocturnas, Indalecio Pozo, ha recordado el \u00e9xito de p\u00fablico que esta actividad ha alcanzado en sus once ediciones anteriores: \u201cM\u00e1s de 33.000 personas han participado y disfrutado hasta ahora con esta propuesta del est\u00edo caravaque\u00f1o, consolidada desde hace tiempo como referencia obligada de las noches agoste\u00f1as\u201d.<\/p>\n<p>La historia preparada para la doceava edici\u00f3n se enmarca en 1795, cuando las obras construcci\u00f3n de la Capilla del Ba\u00f1o de la Santa Cruz -el popular Templete- se encuentran paralizadas desde hace tiempo por falta de recursos econ\u00f3mico, mientras que la poblaci\u00f3n de la villa sufre una epidemia de fiebres tercianas, que oblig\u00f3 a sacar la Santa Cruz por las calles del lugar e incluso lleg\u00f3 a celebrarse el Ba\u00f1o de la Reliquia en fecha y d\u00eda extempor\u00e1neo pidiendo por la salud de los enfermos.<\/p>\n<p>El escenario de la visita sigue siendo la fortaleza y Bas\u00edlica de Caravaca de la Cruz, pero cambia el gui\u00f3n, los contenidos hist\u00f3ricos y tambi\u00e9n los personajes que intervienen y entretejen la visita.<\/p>\n<p>En esta ocasi\u00f3n, la actividad estar\u00e1 comandada por Don Jacobo Vallejo, administrador de la encomienda y alcaide de su fortaleza, acompa\u00f1ado por tres miembros destacados de la Compa\u00f1\u00eda de Comedias de Manuel Valladar. Juntos recrear\u00e1n aconteceres significativos sobre los caballeros Templarios, la quema de la Villa de Caravaca por los musulmanes granadinos o las desdichas de una doncella en amores.<\/p>\n<p>\u201cLos cuatro personajes son hilos conductores de la actividad, pero necesitar\u00e1n de la participaci\u00f3n de las personas que cada noche visiten el Castillo, puesto que el p\u00fablico es tambi\u00e9n actor destacado e imprescindible para desarrollar este singular producto cultural y tur\u00edstico\u201d, ha afirmado Indalecio Pozo.<\/p>\n<p>Las entradas se pondr\u00e1n adquirir directamente y de manera exclusiva en la puerta del castillo, unos minutos antes de cada visita. No es necesario ning\u00fan tipo de reserva, tan solo presentarse la noche elegida en el castillo. Para recibir informaci\u00f3n adicional, los interesados pueden poderse en contacto con la Oficina Municipal de Turismo (968 70 24 24 \/ <a href=\"mailto:info@caravaca.org\">info@caravaca.org<\/a>).<\/p>\n<p>El precio de la entrada es de 5 euros y para pensionistas, jubilados y j\u00f3venes (con edades entre los 6 y 18 a\u00f1os) de 4 euros. Los menores de 6 a\u00f1os tienen acceso gratuito.<\/p>\n","protected":false},"excerpt":{"rendered":"<p>\u00a0 La Concejal\u00eda de Turismo oferta esta actividad, apta para todos los p\u00fablicos, cada noche a las 22.00 horas, del 2 al 31 de agosto \u00a0 La doceava edici\u00f3n de esta actividad presenta nuevos contenidos hist\u00f3ricos renovados y nuevos personajes \u00a0 La Concejal\u00eda de Turismo del Ayuntamiento de Caravaca, en colaboraci\u00f3n con la Cofrad\u00eda de [&hellip;]<\/p>\n","protected":false},"author":2,"featured_media":0,"comment_status":"open","ping_status":"open","sticky":false,"template":"","format":"standard","meta":{"footnotes":""},"categories":[2126,1],"tags":[],"class_list":["post-5448","post","type-post","status-publish","format-standard","hentry","category-espanol","category-sin-categoria"],"_links":{"self":[{"href":"https:\/\/www.turismocaravaca.com\/blog\/wp-json\/wp\/v2\/posts\/5448"}],"collection":[{"href":"https:\/\/www.turismocaravaca.com\/blog\/wp-json\/wp\/v2\/posts"}],"about":[{"href":"https:\/\/www.turismocaravaca.com\/blog\/wp-json\/wp\/v2\/types\/post"}],"author":[{"embeddable":true,"href":"https:\/\/www.turismocaravaca.com\/blog\/wp-json\/wp\/v2\/users\/2"}],"replies":[{"embeddable":true,"href":"https:\/\/www.turismocaravaca.com\/blog\/wp-json\/wp\/v2\/comments?post=5448"}],"version-history":[{"count":2,"href":"https:\/\/www.turismocaravaca.com\/blog\/wp-json\/wp\/v2\/posts\/5448\/revisions"}],"predecessor-version":[{"id":5451,"href":"https:\/\/www.turismocaravaca.com\/blog\/wp-json\/wp\/v2\/posts\/5448\/revisions\/5451"}],"wp:attachment":[{"href":"https:\/\/www.turismocaravaca.com\/blog\/wp-json\/wp\/v2\/media?parent=5448"}],"wp:term":[{"taxonomy":"category","embeddable":true,"href":"https:\/\/www.turismocaravaca.com\/blog\/wp-json\/wp\/v2\/categories?post=5448"},{"taxonomy":"post_tag","embeddable":true,"href":"https:\/\/www.turismocaravaca.com\/blog\/wp-json\/wp\/v2\/tags?post=5448"}],"curies":[{"name":"wp","href":"https:\/\/api.w.org\/{rel}","templated":true}]}}