{"id":5452,"date":"2016-08-02T11:08:03","date_gmt":"2016-08-02T11:08:03","guid":{"rendered":"http:\/\/www.turismocaravaca.com\/blog\/?p=5452"},"modified":"2017-09-04T16:46:57","modified_gmt":"2017-09-04T16:46:57","slug":"talleres-de-verano-en-las-fuentes-del-marques","status":"publish","type":"post","link":"https:\/\/www.turismocaravaca.com\/blog\/talleres-de-verano-en-las-fuentes-del-marques\/","title":{"rendered":"Talleres de verano en Las Fuentes del Marqu\u00e9s"},"content":{"rendered":"<p>Una forma nueva y participativa para ni\u00f1os de entre 4 y 8 a\u00f1os de conocer mejor el paraje de Las Fuentes del Marqu\u00e9s y el Centro de Interpretaci\u00f3n de la Naturaleza del Torre\u00f3n de los templarios. Las plazas son limitadas, por lo que te recomendamos hacer tu reserva ya para que los peques de la casa no se lo pierdan.<a href=\"https:\/\/www.turismocaravaca.com\/blog\/wp-content\/uploads\/2016\/08\/CARTEL-TALLERES-INFANTILES-EN-C.I.N.-MES-DE-AGOSTO.-VERANO2016.jpg\"><img loading=\"lazy\" decoding=\"async\" class=\"aligncenter size-large wp-image-5453\" src=\"https:\/\/www.turismocaravaca.com\/blog\/wp-content\/uploads\/2016\/08\/CARTEL-TALLERES-INFANTILES-EN-C.I.N.-MES-DE-AGOSTO.-VERANO2016-724x1024.jpg\" alt=\"CARTEL TALLERES INFANTILES EN C.I.N.- MES DE AGOSTO. VERANO2016\" width=\"724\" height=\"1024\" srcset=\"https:\/\/www.turismocaravaca.com\/blog\/wp-content\/uploads\/2016\/08\/CARTEL-TALLERES-INFANTILES-EN-C.I.N.-MES-DE-AGOSTO.-VERANO2016-724x1024.jpg 724w, https:\/\/www.turismocaravaca.com\/blog\/wp-content\/uploads\/2016\/08\/CARTEL-TALLERES-INFANTILES-EN-C.I.N.-MES-DE-AGOSTO.-VERANO2016-212x300.jpg 212w, https:\/\/www.turismocaravaca.com\/blog\/wp-content\/uploads\/2016\/08\/CARTEL-TALLERES-INFANTILES-EN-C.I.N.-MES-DE-AGOSTO.-VERANO2016-768x1086.jpg 768w, https:\/\/www.turismocaravaca.com\/blog\/wp-content\/uploads\/2016\/08\/CARTEL-TALLERES-INFANTILES-EN-C.I.N.-MES-DE-AGOSTO.-VERANO2016.jpg 794w\" sizes=\"(max-width: 724px) 100vw, 724px\" \/><\/a><\/p>\n","protected":false},"excerpt":{"rendered":"<p>Una forma nueva y participativa para ni\u00f1os de entre 4 y 8 a\u00f1os de conocer mejor el paraje de Las Fuentes del Marqu\u00e9s y el Centro de Interpretaci\u00f3n de la Naturaleza del Torre\u00f3n de los templarios. Las plazas son limitadas, por lo que te recomendamos hacer tu reserva ya para que los peques de la [&hellip;]<\/p>\n","protected":false},"author":2,"featured_media":0,"comment_status":"open","ping_status":"open","sticky":false,"template":"","format":"standard","meta":{"footnotes":""},"categories":[2126,1],"tags":[],"class_list":["post-5452","post","type-post","status-publish","format-standard","hentry","category-espanol","category-sin-categoria"],"_links":{"self":[{"href":"https:\/\/www.turismocaravaca.com\/blog\/wp-json\/wp\/v2\/posts\/5452"}],"collection":[{"href":"https:\/\/www.turismocaravaca.com\/blog\/wp-json\/wp\/v2\/posts"}],"about":[{"href":"https:\/\/www.turismocaravaca.com\/blog\/wp-json\/wp\/v2\/types\/post"}],"author":[{"embeddable":true,"href":"https:\/\/www.turismocaravaca.com\/blog\/wp-json\/wp\/v2\/users\/2"}],"replies":[{"embeddable":true,"href":"https:\/\/www.turismocaravaca.com\/blog\/wp-json\/wp\/v2\/comments?post=5452"}],"version-history":[{"count":1,"href":"https:\/\/www.turismocaravaca.com\/blog\/wp-json\/wp\/v2\/posts\/5452\/revisions"}],"predecessor-version":[{"id":5454,"href":"https:\/\/www.turismocaravaca.com\/blog\/wp-json\/wp\/v2\/posts\/5452\/revisions\/5454"}],"wp:attachment":[{"href":"https:\/\/www.turismocaravaca.com\/blog\/wp-json\/wp\/v2\/media?parent=5452"}],"wp:term":[{"taxonomy":"category","embeddable":true,"href":"https:\/\/www.turismocaravaca.com\/blog\/wp-json\/wp\/v2\/categories?post=5452"},{"taxonomy":"post_tag","embeddable":true,"href":"https:\/\/www.turismocaravaca.com\/blog\/wp-json\/wp\/v2\/tags?post=5452"}],"curies":[{"name":"wp","href":"https:\/\/api.w.org\/{rel}","templated":true}]}}