{"id":5458,"date":"2016-08-02T11:32:49","date_gmt":"2016-08-02T11:32:49","guid":{"rendered":"http:\/\/www.turismocaravaca.com\/blog\/?p=5458"},"modified":"2017-09-04T16:46:57","modified_gmt":"2017-09-04T16:46:57","slug":"obertshausen-recuerda-a-caravaca-con-una-replica-de-la-cruz-de-mas-de-dos-metros","status":"publish","type":"post","link":"https:\/\/www.turismocaravaca.com\/blog\/obertshausen-recuerda-a-caravaca-con-una-replica-de-la-cruz-de-mas-de-dos-metros\/","title":{"rendered":"Obertshausen recuerda a Caravaca con una r\u00e9plica de la Cruz de m\u00e1s de dos metros"},"content":{"rendered":"<p><strong>El alcalde, junto a un grupo de caravaque\u00f1os, ha viajado hasta la ciudad alemana para inaugurar el monumento, enmarcado en los actos del cumplea\u00f1os del padre Hofmann<\/strong><\/p>\n<p><a href=\"https:\/\/www.turismocaravaca.com\/blog\/wp-content\/uploads\/2016\/08\/Oberthausen-1.jpg\"><img loading=\"lazy\" decoding=\"async\" class=\"aligncenter size-large wp-image-5459\" src=\"https:\/\/www.turismocaravaca.com\/blog\/wp-content\/uploads\/2016\/08\/Oberthausen-1-1024x768.jpg\" alt=\"Oberthausen 1\" width=\"768\" height=\"576\" srcset=\"https:\/\/www.turismocaravaca.com\/blog\/wp-content\/uploads\/2016\/08\/Oberthausen-1-1024x768.jpg 1024w, https:\/\/www.turismocaravaca.com\/blog\/wp-content\/uploads\/2016\/08\/Oberthausen-1-300x225.jpg 300w, https:\/\/www.turismocaravaca.com\/blog\/wp-content\/uploads\/2016\/08\/Oberthausen-1-768x576.jpg 768w, https:\/\/www.turismocaravaca.com\/blog\/wp-content\/uploads\/2016\/08\/Oberthausen-1.jpg 1600w\" sizes=\"(max-width: 768px) 100vw, 768px\" \/><\/a> <a href=\"https:\/\/www.turismocaravaca.com\/blog\/wp-content\/uploads\/2016\/08\/Oberthausen-2.jpg\"><img loading=\"lazy\" decoding=\"async\" class=\"aligncenter size-large wp-image-5460\" src=\"https:\/\/www.turismocaravaca.com\/blog\/wp-content\/uploads\/2016\/08\/Oberthausen-2-1024x768.jpg\" alt=\"Oberthausen 2\" width=\"768\" height=\"576\" srcset=\"https:\/\/www.turismocaravaca.com\/blog\/wp-content\/uploads\/2016\/08\/Oberthausen-2-1024x768.jpg 1024w, https:\/\/www.turismocaravaca.com\/blog\/wp-content\/uploads\/2016\/08\/Oberthausen-2-300x225.jpg 300w, https:\/\/www.turismocaravaca.com\/blog\/wp-content\/uploads\/2016\/08\/Oberthausen-2-768x576.jpg 768w, https:\/\/www.turismocaravaca.com\/blog\/wp-content\/uploads\/2016\/08\/Oberthausen-2.jpg 1600w\" sizes=\"(max-width: 768px) 100vw, 768px\" \/><\/a> <a href=\"https:\/\/www.turismocaravaca.com\/blog\/wp-content\/uploads\/2016\/08\/Oberthausen-3.jpg\"><img loading=\"lazy\" decoding=\"async\" class=\"aligncenter size-large wp-image-5461\" src=\"https:\/\/www.turismocaravaca.com\/blog\/wp-content\/uploads\/2016\/08\/Oberthausen-3-1024x768.jpg\" alt=\"Oberthausen 3\" width=\"768\" height=\"576\" srcset=\"https:\/\/www.turismocaravaca.com\/blog\/wp-content\/uploads\/2016\/08\/Oberthausen-3-1024x768.jpg 1024w, https:\/\/www.turismocaravaca.com\/blog\/wp-content\/uploads\/2016\/08\/Oberthausen-3-300x225.jpg 300w, https:\/\/www.turismocaravaca.com\/blog\/wp-content\/uploads\/2016\/08\/Oberthausen-3-768x576.jpg 768w, https:\/\/www.turismocaravaca.com\/blog\/wp-content\/uploads\/2016\/08\/Oberthausen-3.jpg 1600w\" sizes=\"(max-width: 768px) 100vw, 768px\" \/><\/a> <a href=\"https:\/\/www.turismocaravaca.com\/blog\/wp-content\/uploads\/2016\/08\/Oberthausen-4.jpg\"><img loading=\"lazy\" decoding=\"async\" class=\"aligncenter size-large wp-image-5462\" src=\"https:\/\/www.turismocaravaca.com\/blog\/wp-content\/uploads\/2016\/08\/Oberthausen-4-1024x778.jpg\" alt=\"Oberthausen 4\" width=\"768\" height=\"584\" srcset=\"https:\/\/www.turismocaravaca.com\/blog\/wp-content\/uploads\/2016\/08\/Oberthausen-4-1024x778.jpg 1024w, https:\/\/www.turismocaravaca.com\/blog\/wp-content\/uploads\/2016\/08\/Oberthausen-4-300x228.jpg 300w, https:\/\/www.turismocaravaca.com\/blog\/wp-content\/uploads\/2016\/08\/Oberthausen-4-768x584.jpg 768w, https:\/\/www.turismocaravaca.com\/blog\/wp-content\/uploads\/2016\/08\/Oberthausen-4.jpg 1504w\" sizes=\"(max-width: 768px) 100vw, 768px\" \/><\/a> <a href=\"https:\/\/www.turismocaravaca.com\/blog\/wp-content\/uploads\/2016\/08\/Oberthausen-5.jpg\"><img loading=\"lazy\" decoding=\"async\" class=\"aligncenter size-large wp-image-5463\" src=\"https:\/\/www.turismocaravaca.com\/blog\/wp-content\/uploads\/2016\/08\/Oberthausen-5-831x1024.jpg\" alt=\"Oberthausen 5\" width=\"768\" height=\"946\" srcset=\"https:\/\/www.turismocaravaca.com\/blog\/wp-content\/uploads\/2016\/08\/Oberthausen-5-831x1024.jpg 831w, https:\/\/www.turismocaravaca.com\/blog\/wp-content\/uploads\/2016\/08\/Oberthausen-5-244x300.jpg 244w, https:\/\/www.turismocaravaca.com\/blog\/wp-content\/uploads\/2016\/08\/Oberthausen-5-768x946.jpg 768w, https:\/\/www.turismocaravaca.com\/blog\/wp-content\/uploads\/2016\/08\/Oberthausen-5.jpg 1200w\" sizes=\"(max-width: 768px) 100vw, 768px\" \/><\/a>Un grupo de caravaque\u00f1os, encabezado por el alcalde de la ciudad, Jos\u00e9 Moreno, ha viajado hasta la localidad alemana de Obertshausen para asistir a la inauguraci\u00f3n del monumento dedicado a la Cruz de Caravaca, que ha sido instalado en los exteriores de la parroquia de Thomas Morus, con motivo del cumplea\u00f1os del padre Norbert Hofmann.<\/p>\n<p>Antes de descubrir la r\u00e9plica de la Cruz de Caravaca -construida en piedra, con un tama\u00f1o de m\u00e1s de dos metros de altura- el alcalde caravaque\u00f1o fue recibido en por su hom\u00f3logo en Obertshausen, Roger Winter. En el Consistorio alem\u00e1n se procedi\u00f3 al intercambio de los regalos institucionales, sellando, una vez m\u00e1s, los lazos que unen a las dos ciudades desde principios de la d\u00e9cada de los ochenta.<\/p>\n<p>Hasta la ciudad de Obertshausen tambi\u00e9n se ha desplazado el vicario Jes\u00fas Aguilar, quien entreg\u00f3 al padre Hofmann una casulla bordada con la Cruz de Caravaca, que \u00e9ste visit\u00f3 durante la ceremonia religiosa previa a la inauguraci\u00f3n del monumento. Jos\u00e9 Moreno, por su parte, le obsequi\u00f3, en nombre de la ciudad, con un cuadro de plata con un grabado del Castillo.<\/p>\n<p>&nbsp;<\/p>\n<p>La cruz que, a partir de ahora recuerda a Caravaca en la plaza de la parroquia de Thomas Morus, ha sido realizada por el artesano de la piedra Jos\u00e9 Manuel L\u00f3pez Cantero, que recibi\u00f3 el encargo del padre Hofmann durante su visita a las \u00faltimas fiestas patronales. El p\u00e1rroco es un fiel devoto de la Sagrada Reliquia desde Obertshausen, donde residen varias familias caravaque\u00f1as.<\/p>\n<p>&nbsp;<\/p>\n<p>En 2011 se formalizaron los v\u00ednculos entre ambas ciudades con un acuerdo de amistad entre los dos ayuntamientos y en 2014 se rubric\u00f3 el hermanamiento de las parroquias de Obertshausen con la Bas\u00edlica de la Vera Cruz.<\/p>\n","protected":false},"excerpt":{"rendered":"<p>El alcalde, junto a un grupo de caravaque\u00f1os, ha viajado hasta la ciudad alemana para inaugurar el monumento, enmarcado en los actos del cumplea\u00f1os del padre Hofmann Un grupo de caravaque\u00f1os, encabezado por el alcalde de la ciudad, Jos\u00e9 Moreno, ha viajado hasta la localidad alemana de Obertshausen para asistir a la inauguraci\u00f3n del monumento [&hellip;]<\/p>\n","protected":false},"author":2,"featured_media":0,"comment_status":"open","ping_status":"open","sticky":false,"template":"","format":"standard","meta":{"footnotes":""},"categories":[2126,1],"tags":[],"class_list":["post-5458","post","type-post","status-publish","format-standard","hentry","category-espanol","category-sin-categoria"],"_links":{"self":[{"href":"https:\/\/www.turismocaravaca.com\/blog\/wp-json\/wp\/v2\/posts\/5458"}],"collection":[{"href":"https:\/\/www.turismocaravaca.com\/blog\/wp-json\/wp\/v2\/posts"}],"about":[{"href":"https:\/\/www.turismocaravaca.com\/blog\/wp-json\/wp\/v2\/types\/post"}],"author":[{"embeddable":true,"href":"https:\/\/www.turismocaravaca.com\/blog\/wp-json\/wp\/v2\/users\/2"}],"replies":[{"embeddable":true,"href":"https:\/\/www.turismocaravaca.com\/blog\/wp-json\/wp\/v2\/comments?post=5458"}],"version-history":[{"count":1,"href":"https:\/\/www.turismocaravaca.com\/blog\/wp-json\/wp\/v2\/posts\/5458\/revisions"}],"predecessor-version":[{"id":5464,"href":"https:\/\/www.turismocaravaca.com\/blog\/wp-json\/wp\/v2\/posts\/5458\/revisions\/5464"}],"wp:attachment":[{"href":"https:\/\/www.turismocaravaca.com\/blog\/wp-json\/wp\/v2\/media?parent=5458"}],"wp:term":[{"taxonomy":"category","embeddable":true,"href":"https:\/\/www.turismocaravaca.com\/blog\/wp-json\/wp\/v2\/categories?post=5458"},{"taxonomy":"post_tag","embeddable":true,"href":"https:\/\/www.turismocaravaca.com\/blog\/wp-json\/wp\/v2\/tags?post=5458"}],"curies":[{"name":"wp","href":"https:\/\/api.w.org\/{rel}","templated":true}]}}