{"id":5471,"date":"2016-08-04T09:59:30","date_gmt":"2016-08-04T09:59:30","guid":{"rendered":"http:\/\/www.turismocaravaca.com\/blog\/?p=5471"},"modified":"2017-09-04T16:46:57","modified_gmt":"2017-09-04T16:46:57","slug":"ciclo-de-conciertos-a-la-luna-de-barranda","status":"publish","type":"post","link":"https:\/\/www.turismocaravaca.com\/blog\/ciclo-de-conciertos-a-la-luna-de-barranda\/","title":{"rendered":"Ciclo de conciertos \u00abA la luna de Barranda\u00bb"},"content":{"rendered":"<p>El ciclo de conciertos <strong>\u2018A la luna de Barranda\u2019<\/strong> llevar\u00e1 los <strong>s\u00e1bados<\/strong> del mes <strong>agosto<\/strong> conciertos <strong>gratuitos<\/strong><strong>,<\/strong> organizados por el Ayuntamiento de Caravaca de la Cruz, al auditorio exterior del Museo de la M\u00fasica \u00c9tnica-Colecci\u00f3n Blanco Fadol.<\/p>\n<p>La apertura del ciclo correr\u00e1 a cargo de la polifac\u00e9tica artista murciana Paula Marengo, acompa\u00f1ada de la formaci\u00f3n Jazz Quartet, el pr\u00f3ximo 6 de agosto.<\/p>\n<p>Todos los conciertos enmarcados en este ciclo dar\u00e1n comienzo a las <strong>22.30 horas<\/strong> y estar\u00e1n acompa\u00f1ados de degustaciones de la cerveza artesana \u2018Molino del R\u00edo\u2019.<\/p>\n<p>&nbsp;<\/p>\n<p><a href=\"https:\/\/www.turismocaravaca.com\/blog\/wp-content\/uploads\/2016\/08\/CartelALaLunaDeBarranda2016.jpg\"><img loading=\"lazy\" decoding=\"async\" class=\"aligncenter size-full wp-image-5473\" src=\"https:\/\/www.turismocaravaca.com\/blog\/wp-content\/uploads\/2016\/08\/CartelALaLunaDeBarranda2016.jpg\" alt=\"CartelALaLunaDeBarranda2016\" width=\"648\" height=\"960\" srcset=\"https:\/\/www.turismocaravaca.com\/blog\/wp-content\/uploads\/2016\/08\/CartelALaLunaDeBarranda2016.jpg 648w, https:\/\/www.turismocaravaca.com\/blog\/wp-content\/uploads\/2016\/08\/CartelALaLunaDeBarranda2016-203x300.jpg 203w\" sizes=\"(max-width: 648px) 100vw, 648px\" \/><\/a><\/p>\n","protected":false},"excerpt":{"rendered":"<p>El ciclo de conciertos \u2018A la luna de Barranda\u2019 llevar\u00e1 los s\u00e1bados del mes agosto conciertos gratuitos, organizados por el Ayuntamiento de Caravaca de la Cruz, al auditorio exterior del Museo de la M\u00fasica \u00c9tnica-Colecci\u00f3n Blanco Fadol. La apertura del ciclo correr\u00e1 a cargo de la polifac\u00e9tica artista murciana Paula Marengo, acompa\u00f1ada de la formaci\u00f3n [&hellip;]<\/p>\n","protected":false},"author":2,"featured_media":0,"comment_status":"open","ping_status":"open","sticky":false,"template":"","format":"standard","meta":{"footnotes":""},"categories":[2126,1],"tags":[],"class_list":["post-5471","post","type-post","status-publish","format-standard","hentry","category-espanol","category-sin-categoria"],"_links":{"self":[{"href":"https:\/\/www.turismocaravaca.com\/blog\/wp-json\/wp\/v2\/posts\/5471"}],"collection":[{"href":"https:\/\/www.turismocaravaca.com\/blog\/wp-json\/wp\/v2\/posts"}],"about":[{"href":"https:\/\/www.turismocaravaca.com\/blog\/wp-json\/wp\/v2\/types\/post"}],"author":[{"embeddable":true,"href":"https:\/\/www.turismocaravaca.com\/blog\/wp-json\/wp\/v2\/users\/2"}],"replies":[{"embeddable":true,"href":"https:\/\/www.turismocaravaca.com\/blog\/wp-json\/wp\/v2\/comments?post=5471"}],"version-history":[{"count":2,"href":"https:\/\/www.turismocaravaca.com\/blog\/wp-json\/wp\/v2\/posts\/5471\/revisions"}],"predecessor-version":[{"id":5475,"href":"https:\/\/www.turismocaravaca.com\/blog\/wp-json\/wp\/v2\/posts\/5471\/revisions\/5475"}],"wp:attachment":[{"href":"https:\/\/www.turismocaravaca.com\/blog\/wp-json\/wp\/v2\/media?parent=5471"}],"wp:term":[{"taxonomy":"category","embeddable":true,"href":"https:\/\/www.turismocaravaca.com\/blog\/wp-json\/wp\/v2\/categories?post=5471"},{"taxonomy":"post_tag","embeddable":true,"href":"https:\/\/www.turismocaravaca.com\/blog\/wp-json\/wp\/v2\/tags?post=5471"}],"curies":[{"name":"wp","href":"https:\/\/api.w.org\/{rel}","templated":true}]}}