{"id":5481,"date":"2016-08-05T09:14:12","date_gmt":"2016-08-05T09:14:12","guid":{"rendered":"http:\/\/www.turismocaravaca.com\/blog\/?p=5481"},"modified":"2017-09-04T16:46:57","modified_gmt":"2017-09-04T16:46:57","slug":"el-info-y-el-ayuntamiento-de-caravaca-han-disenado-un-plan-para-impulsar-proyectos-en-turismo-gastronomia-y-nuevas-tecnologias","status":"publish","type":"post","link":"https:\/\/www.turismocaravaca.com\/blog\/el-info-y-el-ayuntamiento-de-caravaca-han-disenado-un-plan-para-impulsar-proyectos-en-turismo-gastronomia-y-nuevas-tecnologias\/","title":{"rendered":"El Info y el Ayuntamiento de Caravaca han dise\u00f1ado un plan para impulsar proyectos en turismo, gastronom\u00eda y nuevas tecnolog\u00edas"},"content":{"rendered":"<div align=\"justify\"><strong>AYUNTAMIENTO DE CARAVACA DE LA CRUZ \/\/ La agencia de desarrollo regional pone en marcha un programa para crear una veintena de empresas y oportunidades de emprendimiento vinculadas al A\u00f1o Jubilar.<\/strong><\/p>\n<p>El Instituto de Fomento y el ayuntamiento de Caravaca de la Cruz pondr\u00e1n en marcha un programa para impulsar la creaci\u00f3n de una veintena de nuevas empresas y generar oportunidades de emprendimiento vinculadas al A\u00f1o Jubilar de Caravaca 2017. El plan pretende impulsar proyectos de emprendimiento en \u00e1reas como el turismo, la gastronom\u00eda o las nuevas tecnolog\u00edas.<\/p><\/div>\n<div align=\"justify\">\nEl director del Info, Javier Celdr\u00e1n, y el alcalde de Caravaca, Jos\u00e9 Moreno, han mantenido una reuni\u00f3n de trabajo, en la que tambi\u00e9n han participado, Esther Poveda, concejal de Educaci\u00f3n y Juventud, y Gloria G\u00f3mez, concejal de Turismo, Comercio y Artesan\u00eda; para dise\u00f1ar las l\u00edneas estrat\u00e9gicas de este plan.<\/p>\n<p>El alcalde, Jos\u00e9 Moreno, ha declarado que el primer objetivo es la creaci\u00f3n de empleo y para ello: \u201cEl consistorio caravaque\u00f1o ha aprobado un Plan de Fomento Empresarial y Empleo, que conceder\u00e1 170.000 euros en ayudas dirigidas a personas f\u00edsicas y jur\u00eddicas que inicien su actividad econ\u00f3mica o contraten a trabajadores, y desarrollen dicha actividad en nuestro municipio\u201d. Moreno ha se\u00f1alado que estas actividades deben ir dirigidas a fomentar la iniciativa empresarial, el trabajo aut\u00f3nomo y la econom\u00eda social, as\u00ed como las encaminadas a la generaci\u00f3n de empleo, actividad econ\u00f3mica y dinamizaci\u00f3n e impulso de nuestro municipio. As\u00ed mismo se est\u00e1n realizando tres \u00b4Programas de Empleo P\u00fablico y Formaci\u00f3n\u00b4 de turismo, mantenimiento de espacios p\u00fablicos y adecuaci\u00f3n de un local en el Centro Municipal de Empleo, Formaci\u00f3n e Igualdad para un taller de aparado. Adem\u00e1s, en los pr\u00f3ximos meses se iniciar\u00e1 otro programa de \u201cmarketing y compraventa internacional\u201d.<\/p><\/div>\n<div align=\"justify\">\n<div align=\"justify\">\u201cLa celebraci\u00f3n en 2017 del A\u00f1o Jubilar sit\u00faa a Caravaca como una de las cinco ciudades santas del mundo cristiano, lo que supone una oportunidad para impulsar el desarrollo local y generar nuevas oportunidades de empleo estable y con proyecci\u00f3n de futuro vinculadas al turismo religioso en un municipio que en la actualidad cuenta con cerca de 2.000 empresas y la misma cifra de aut\u00f3nomos\u201d, explic\u00f3 Javier Celdr\u00e1n.<\/p>\n<p>El primer paso de este programa ser\u00e1 la realizaci\u00f3n, entre los meses de septiembre y octubre, de un estudio para identificar 20 posibles negocios para emprendedores. A continuaci\u00f3n, durante noviembre y diciembre, est\u00e1 previsto organizar unas jornadas de fomento del emprendimiento que contar\u00e1n con la colaboraci\u00f3n del ayuntamiento y el Instituto de Turismo de la Regi\u00f3n de Murcia (ITREM).<\/p>\n<p>El \u00faltimo paso ser\u00e1 el desarrollo, a partir del mes de febrero de 2017, del programa \u201cSpeed Up &#8211; Caravaca A\u00f1o Jubilar\u201d, una iniciativa de creaci\u00f3n y consolidaci\u00f3n de empresas vinculadas al turismo en el que se dar\u00e1 formaci\u00f3n sobre creaci\u00f3n de empresas y que contar\u00e1 con el asesoramiento de los mejores profesionales, expertos y mentores de la Regi\u00f3n. El objetivo de este programa, que se basa en el trabajo en equipo entre los participantes y que se cierra con una competici\u00f3n en la que se premian las ideas con mayor potencial y posibilidades de viabilidad, es dotar a los emprendedores de las herramientas necesarias para poner en marcha su proyecto.<\/p>\n<p>En concreto, el plan del Info y el ayuntamiento de Caravaca de la Cruz pretende impulsar proyectos de emprendimiento en \u00e1mbitos directamente relacionados con la apertura de albergues y hoteles rurales, la fabricaci\u00f3n y venta de productos y artesan\u00eda religiosa, aplicaciones inteligentes para turismo o la puesta en valor de productos gastron\u00f3micos aut\u00f3ctonos, as\u00ed como recuperar el patrimonio hist\u00f3rico y art\u00edstico de la zona, para crear un ecosistema de emprendimiento en el que se generen sinergias y que pueda contribuir al desarrollo econ\u00f3mico. <a href=\"https:\/\/www.turismocaravaca.com\/blog\/wp-content\/uploads\/2016\/08\/info-y-turismo.jpg\"><img loading=\"lazy\" decoding=\"async\" class=\"aligncenter size-full wp-image-5482\" src=\"https:\/\/www.turismocaravaca.com\/blog\/wp-content\/uploads\/2016\/08\/info-y-turismo.jpg\" alt=\"info y turismo\" width=\"650\" height=\"324\" srcset=\"https:\/\/www.turismocaravaca.com\/blog\/wp-content\/uploads\/2016\/08\/info-y-turismo.jpg 650w, https:\/\/www.turismocaravaca.com\/blog\/wp-content\/uploads\/2016\/08\/info-y-turismo-300x150.jpg 300w\" sizes=\"(max-width: 650px) 100vw, 650px\" \/><\/a><\/div>\n<\/div>\n","protected":false},"excerpt":{"rendered":"<p>AYUNTAMIENTO DE CARAVACA DE LA CRUZ \/\/ La agencia de desarrollo regional pone en marcha un programa para crear una veintena de empresas y oportunidades de emprendimiento vinculadas al A\u00f1o Jubilar. El Instituto de Fomento y el ayuntamiento de Caravaca de la Cruz pondr\u00e1n en marcha un programa para impulsar la creaci\u00f3n de una veintena [&hellip;]<\/p>\n","protected":false},"author":2,"featured_media":0,"comment_status":"open","ping_status":"open","sticky":false,"template":"","format":"standard","meta":{"footnotes":""},"categories":[2126,1],"tags":[],"class_list":["post-5481","post","type-post","status-publish","format-standard","hentry","category-espanol","category-sin-categoria"],"_links":{"self":[{"href":"https:\/\/www.turismocaravaca.com\/blog\/wp-json\/wp\/v2\/posts\/5481"}],"collection":[{"href":"https:\/\/www.turismocaravaca.com\/blog\/wp-json\/wp\/v2\/posts"}],"about":[{"href":"https:\/\/www.turismocaravaca.com\/blog\/wp-json\/wp\/v2\/types\/post"}],"author":[{"embeddable":true,"href":"https:\/\/www.turismocaravaca.com\/blog\/wp-json\/wp\/v2\/users\/2"}],"replies":[{"embeddable":true,"href":"https:\/\/www.turismocaravaca.com\/blog\/wp-json\/wp\/v2\/comments?post=5481"}],"version-history":[{"count":1,"href":"https:\/\/www.turismocaravaca.com\/blog\/wp-json\/wp\/v2\/posts\/5481\/revisions"}],"predecessor-version":[{"id":5483,"href":"https:\/\/www.turismocaravaca.com\/blog\/wp-json\/wp\/v2\/posts\/5481\/revisions\/5483"}],"wp:attachment":[{"href":"https:\/\/www.turismocaravaca.com\/blog\/wp-json\/wp\/v2\/media?parent=5481"}],"wp:term":[{"taxonomy":"category","embeddable":true,"href":"https:\/\/www.turismocaravaca.com\/blog\/wp-json\/wp\/v2\/categories?post=5481"},{"taxonomy":"post_tag","embeddable":true,"href":"https:\/\/www.turismocaravaca.com\/blog\/wp-json\/wp\/v2\/tags?post=5481"}],"curies":[{"name":"wp","href":"https:\/\/api.w.org\/{rel}","templated":true}]}}