{"id":5484,"date":"2016-08-05T11:01:22","date_gmt":"2016-08-05T11:01:22","guid":{"rendered":"http:\/\/www.turismocaravaca.com\/blog\/?p=5484"},"modified":"2017-09-04T16:46:57","modified_gmt":"2017-09-04T16:46:57","slug":"el-gobierno-regional-destina-mas-de-100-000-euros-para-el-apeadero-de-autobuses-de-cara-al-ano-jubilar","status":"publish","type":"post","link":"https:\/\/www.turismocaravaca.com\/blog\/el-gobierno-regional-destina-mas-de-100-000-euros-para-el-apeadero-de-autobuses-de-cara-al-ano-jubilar\/","title":{"rendered":"El Gobierno regional destina m\u00e1s de 100.000 euros para el apeadero de autobuses de cara al A\u00f1o Jubilar"},"content":{"rendered":"<p>El Consejo de Gobierno de la Regi\u00f3n de Murcia ha autorizado la firma de un convenio entre la Consejer\u00eda de Fomento e Infraestructuras y el Ayuntamiento de Caravaca de la Cruz para la ejecuci\u00f3n de las obras de mejora de seguridad vial en la traves\u00eda urbana de la carretera regional RM-715, que une la localidad con Moratalla.<br \/>\nEsta actuaci\u00f3n se enmarca en las iniciativas que desarrolla la Comunidad para dinamizar la celebraci\u00f3n del A\u00f1o Santo, que se conmemora en 2017. Este proyecto servir\u00e1 para ampliar las infraestructuras del municipio a fin de facilitar el acceso y la llegada de peregrinos y visitantes en general que se acerquen a Caravaca de la Cruz con motivo del A\u00f1o Jubilar.<\/p>\n<p>Las obras consistir\u00e1n en la ejecuci\u00f3n de un apeadero y urbanizaci\u00f3n del entorno en el tramo urbano de la carretera RM-715, denominada avenida de los <strong>Andenes de Gregorio S\u00e1nchez Romero de Caravaca con un presupuesto de 108.349 <\/strong>euros.<\/p>\n<p>Los trabajos incluyen la construcci\u00f3n de tres paradas de autob\u00fas en la avenida, junto a la Plaza del Templete. La Comunidad asumir\u00e1 los trabajos correspondientes a las demoliciones y movimientos de tierra, muros de contenci\u00f3n y cerramientos, pavimentaciones y se\u00f1alizaci\u00f3n, que<strong> tendr\u00e1n un coste de 60.000<\/strong> euros.<\/p>\n<p>&nbsp;<br \/>\nPor su parte, el Ayuntamiento se har\u00e1 cargo de la reposici\u00f3n de infraestructuras y las obras de servicios urban\u00edsticos como el alumbrado p\u00fablico, la red subterr\u00e1nea de baja tensi\u00f3n, el abastecimiento, el alcantarillado y los servicios de telefon\u00eda, que suponen una<strong> inversi\u00f3n de 48.349 euros.<\/strong><\/p>\n<p><a href=\"https:\/\/www.turismocaravaca.com\/blog\/wp-content\/uploads\/2016\/08\/apeadero.jpg\"><img loading=\"lazy\" decoding=\"async\" class=\"aligncenter size-full wp-image-5485\" src=\"https:\/\/www.turismocaravaca.com\/blog\/wp-content\/uploads\/2016\/08\/apeadero.jpg\" alt=\"apeadero\" width=\"650\" height=\"454\" srcset=\"https:\/\/www.turismocaravaca.com\/blog\/wp-content\/uploads\/2016\/08\/apeadero.jpg 650w, https:\/\/www.turismocaravaca.com\/blog\/wp-content\/uploads\/2016\/08\/apeadero-300x210.jpg 300w\" sizes=\"(max-width: 650px) 100vw, 650px\" \/><\/a><\/p>\n","protected":false},"excerpt":{"rendered":"<p>El Consejo de Gobierno de la Regi\u00f3n de Murcia ha autorizado la firma de un convenio entre la Consejer\u00eda de Fomento e Infraestructuras y el Ayuntamiento de Caravaca de la Cruz para la ejecuci\u00f3n de las obras de mejora de seguridad vial en la traves\u00eda urbana de la carretera regional RM-715, que une la localidad [&hellip;]<\/p>\n","protected":false},"author":2,"featured_media":0,"comment_status":"open","ping_status":"open","sticky":false,"template":"","format":"standard","meta":{"footnotes":""},"categories":[2126,1],"tags":[],"class_list":["post-5484","post","type-post","status-publish","format-standard","hentry","category-espanol","category-sin-categoria"],"_links":{"self":[{"href":"https:\/\/www.turismocaravaca.com\/blog\/wp-json\/wp\/v2\/posts\/5484"}],"collection":[{"href":"https:\/\/www.turismocaravaca.com\/blog\/wp-json\/wp\/v2\/posts"}],"about":[{"href":"https:\/\/www.turismocaravaca.com\/blog\/wp-json\/wp\/v2\/types\/post"}],"author":[{"embeddable":true,"href":"https:\/\/www.turismocaravaca.com\/blog\/wp-json\/wp\/v2\/users\/2"}],"replies":[{"embeddable":true,"href":"https:\/\/www.turismocaravaca.com\/blog\/wp-json\/wp\/v2\/comments?post=5484"}],"version-history":[{"count":1,"href":"https:\/\/www.turismocaravaca.com\/blog\/wp-json\/wp\/v2\/posts\/5484\/revisions"}],"predecessor-version":[{"id":5486,"href":"https:\/\/www.turismocaravaca.com\/blog\/wp-json\/wp\/v2\/posts\/5484\/revisions\/5486"}],"wp:attachment":[{"href":"https:\/\/www.turismocaravaca.com\/blog\/wp-json\/wp\/v2\/media?parent=5484"}],"wp:term":[{"taxonomy":"category","embeddable":true,"href":"https:\/\/www.turismocaravaca.com\/blog\/wp-json\/wp\/v2\/categories?post=5484"},{"taxonomy":"post_tag","embeddable":true,"href":"https:\/\/www.turismocaravaca.com\/blog\/wp-json\/wp\/v2\/tags?post=5484"}],"curies":[{"name":"wp","href":"https:\/\/api.w.org\/{rel}","templated":true}]}}