{"id":5487,"date":"2016-08-09T11:52:10","date_gmt":"2016-08-09T11:52:10","guid":{"rendered":"http:\/\/www.turismocaravaca.com\/blog\/?p=5487"},"modified":"2017-09-04T16:46:56","modified_gmt":"2017-09-04T16:46:56","slug":"2-de-marzo-de-1944-declaracion-de-monumento-historico-artistico-del-castillo-y-santuario-de-la-stma-y-vera-cruz-de-caravaca","status":"publish","type":"post","link":"https:\/\/www.turismocaravaca.com\/blog\/2-de-marzo-de-1944-declaracion-de-monumento-historico-artistico-del-castillo-y-santuario-de-la-stma-y-vera-cruz-de-caravaca\/","title":{"rendered":"2 de marzo de 1944: Declaraci\u00f3n de Monumento Hist\u00f3rico-Art\u00edstico del Castillo y Santuario de la Stma. y Vera Cruz de Caravaca"},"content":{"rendered":"<p>Reproducimos una entrada publicada en \u00abTribuna del Noroeste\u00bb por Francisco Fernandez Garcia, archivero municipal de Caravaca que es muy interesante.<\/p>\n<p>El 2 de marzo de 1944 el Consejo de Ministros suscribi\u00f3 un Real Decreto declarando Monumento Hist\u00f3rico Art\u00edstico el Castillo y Santuario de la Stma. y Vera Cruz, que quedar\u00eda a partir de entonces bajo la tutela del Estado. Con ella se culminaba una antigua aspiraci\u00f3n del consistorio caravaque\u00f1o, que ven\u00eda intentando desde hac\u00eda varias d\u00e9cadas la consecuci\u00f3n de esta declaraci\u00f3n.<br \/>\nLos primeros antecedentes referidos a este prop\u00f3sito los encontramos en la sesi\u00f3n celebrada por el ayuntamiento de nuestra ciudad el 23 de abril de 1921, en la que el alcalde don Pedro Jos\u00e9 Caba someti\u00f3 \u201ca la consideraci\u00f3n de la corporaci\u00f3n, la conveniencia de que el Santuario de la Stma. Cruz, sea declarado Monumento Nacional\u201d acord\u00e1ndose, tras debatir el asunto, trasladar la solicitud a \u201csus representantes en Cortes, pidi\u00e9ndole que soliciten de aquellas su declaraci\u00f3n, por la importancia arquitect\u00f3nica del mismo\u201d. Las gestiones siguieron su curso, de modo que se present\u00f3 oficialmente la solicitud en el Ministerio de Instrucci\u00f3n P\u00fablica y Bellas Artes.<br \/>\nLas primeras dificultades surgieron por parte de la Comisi\u00f3n Provincial de Monumentos de Murcia, que inform\u00f3 a la Real Academia de Bellas Artes de San Fernando el 15 de junio de ese mismo a\u00f1o ratific\u00e1ndose en la calificaci\u00f3n otorgada al Santuario de la Stma. y Vera Cruz cuando fue preguntada por la referida Academia acerca de los Monumentos provinciales dignos de ser conservados, no consider\u00e1ndolo merecedor de tal t\u00edtulo aunque, dado su valor arqueol\u00f3gico, se le incluy\u00f3 \u201cen la categor\u00eda de los llamados arquitect\u00f3nico artistico\u201d. A pesar de ello, el 15 de marzo de 1922 la Real Academia redact\u00f3 \u201cun voluminoso informe respecto de aquella f\u00e1brica estudi\u00e1ndola ampliamente desde el mero aspecto artistico que a ella tocaba hacerlo y prescindiendo del punto de vista hist\u00f3rico\u201d en el que, a\u00fan reconociendo su importancia, no consideraba oportuna su declaraci\u00f3n como monumento nacional, sino su inclusi\u00f3n entre \u201clos arquitect\u00f3nico artistico\u201d.<br \/>\nEn este estado, la Direcci\u00f3n General de Bellas Artes remiti\u00f3 28 de marzo el expediente, que constaba de los referidos dict\u00e1menes de la Comisi\u00f3n Provincial de Monumentos Art\u00edsticos e Hist\u00f3ricos de Murcia y de la Real Academia de la Historia y seis fotograf\u00edas, a la Real Academia de la Historia para que realizara su correspondiente informe, que fue encargado el 4 de abril al ilustre acad\u00e9mico don Jer\u00f3nimo L\u00f3pez de Ayala y \u00c1lvarez de Toledo, Conde de Cedillo. Cuatro a\u00f1os despu\u00e9s, el 22 de octubre de 1926, concluy\u00f3 su informe dictaminando que \u201cno aprecia en la Fortaleza y Templo de la Sant\u00edsima Cruz de Caravaca calidades y circunstancias bastantes para que sean declaradas Monumento nacional\u201d. El informe fue le\u00eddo y aprobado en la sesi\u00f3n celebrada por la Academia el 29 de octubre de 1926, remiti\u00e9ndose a continuaci\u00f3n al Ministerio de Instrucci\u00f3n P\u00fablica. Su contenido era bastante cr\u00edtico con la relato de la aparici\u00f3n de la Cruz transmitido entre los caravaque\u00f1os y divulgado por los autores locales: \u201cla sencilla y al parecer ver\u00eddica tradici\u00f3n primitiva se difunde por Europa merced a la propaganda y a los escritos de algunos religiosos espa\u00f1oles, pero a la vez empiezan a alterarse y al hecho de la aparici\u00f3n se van agregando y atribuyendo circunstancias fant\u00e1sticas sin precedente documental ni tradicional alguno. Los falsarios y los autores y propaladores de los falsos cronicones cultivan la tradici\u00f3n de Caravaca adob\u00e1ndola a su gusto\u201d. Dado el car\u00e1cter negativo de todos los dict\u00e1menes, la solicitud no prosper\u00f3. Habr\u00e1 que esperar casi dos d\u00e9cadas para que, una vez concluida la guerra civil, el tema volviera a retomarse, aunque ahora con un rango distinto.<br \/>\nEn esta ocasi\u00f3n la propuesta parti\u00f3 del Ministerio de Educaci\u00f3n Nacional e inclu\u00eda, ahora si, los informes favorables de la Real Academia de Bellas Artes de San Fernando y de la Comisar\u00eda General del Servicio de Defensa del Patrimonio Art\u00edstico Nacional.<br \/>\nPara este intento se cont\u00f3 tambi\u00e9n con la mediaci\u00f3n e influencia del prestigioso escritor catal\u00e1n Eugenio D\u2019Ors, que hab\u00eda sido director general de Bellas Artes en el gobierno del general Franco desde 1937 a 1939. D\u2019Ors visit\u00f3 Caravaca durante las fiestas de mayo de 1943, actuando como mantenedor de los Juegos Florales celebrados el 5 de mayo de 1943 en el Teatro Thuillier, circunstancia que aprovecharon las autoridades municipales para conseguir su colaboraci\u00f3n en las gestiones necesarias para la consecuci\u00f3n de la declaraci\u00f3n. El escritor se qued\u00f3 gratamente impresionado por la ciudad, sus monumentos y sus fiestas, siendo el primero en equiparar el m\u00e1s caravaque\u00f1o de los festejos con las fiestas pamplonesas: \u201clos Caballos del Vino son los Sanfermines del Sur\u201d, por lo que no tuvo ning\u00fan inconveniente en apoyar la petici\u00f3n y ayudar en la medida de sus posibilidades.<br \/>\nFinalmente, el 2 de marzo el Consejo de Ministros aprob\u00f3 un Real Decreto declarando Monumento Hist\u00f3rico Art\u00edstico el Castillo y Santuario de la Stma. y Vera Cruz, comprendiendo tanto las construcciones militares como las religiosas y claustrales, que fue publicado en el Bolet\u00edn Oficial del Estado el 18 de ese mismo mes, siendo su texto el siguiente:<br \/>\n\u201cArticulo 1\u00ba.- Se declara Monumento Hist\u00f3rico-art\u00edstico el conjunto de construcciones militares, religiosas y claustrales conocido con el nombre de Real Alc\u00e1zar, en Caravaca (Murcia) (1).<br \/>\nArticulo 2\u00ba.- La tutela de este Monumento, que queda bajo la protecci\u00f3n del Estado, ser\u00e1 ejercida por el Ministerio de Educaci\u00f3n Nacional\u201d.<br \/>\n(1) \u201cCuenta la ciudad de Caravaca (Murcia), entre sus edificios m\u00e1s notables, el denominado Real Alc\u00e1zar, conjunto de construcciones militares, religiosas y claustrales con todo el sabor del medioevo cl\u00e1sico y convertido, seguramente a partir del primer tercio del siglo XIII en santuario.<br \/>\nFue el d\u00eda 3 de Mayo del a\u00f1o 1232 cuando aquellos antiqu\u00edsimos muros y torreones presenciaron la aparici\u00f3n de la Sant\u00edsima y Vera Cruz, determinando la conversi\u00f3n al cristianismo del sarraceno Ceyt-Abuceyt, rey a la saz\u00f3n de Murcia y Valencia, conquistador de la ciudadela y testigo del hecho milagroso.<\/p>\n<p><a href=\"https:\/\/www.turismocaravaca.com\/blog\/wp-content\/uploads\/2016\/08\/santuario-cruz.jpg\"><img loading=\"lazy\" decoding=\"async\" class=\"aligncenter size-large wp-image-5489\" src=\"https:\/\/www.turismocaravaca.com\/blog\/wp-content\/uploads\/2016\/08\/santuario-cruz-801x1024.jpg\" alt=\"santuario-cruz\" width=\"768\" height=\"982\" srcset=\"https:\/\/www.turismocaravaca.com\/blog\/wp-content\/uploads\/2016\/08\/santuario-cruz-801x1024.jpg 801w, https:\/\/www.turismocaravaca.com\/blog\/wp-content\/uploads\/2016\/08\/santuario-cruz-235x300.jpg 235w, https:\/\/www.turismocaravaca.com\/blog\/wp-content\/uploads\/2016\/08\/santuario-cruz-768x982.jpg 768w, https:\/\/www.turismocaravaca.com\/blog\/wp-content\/uploads\/2016\/08\/santuario-cruz.jpg 1000w\" sizes=\"(max-width: 768px) 100vw, 768px\" \/><\/a><br \/>\nEl templo, propiamente dicho, data del siglo XVII, y ostenta una grandiosa portada barroca del XVIII\u201d.<br \/>\n\u201cComo homenaje al Excmo. Sr. D. Eugenio d\u2019Ors\u201d, el ayuntamiento acord\u00f3 en la sesi\u00f3n plenaria que tuvo lugar el 31 de mayo de ese mismo a\u00f1o imponer su nombre a la calle y cuesta del castillo como reconocimiento a \u201cla actividad y gran inter\u00e9s con que ha realizado todas las gestiones precisas hasta conseguir que el Castillo o Real Alc\u00e1zar, de esta ciudad, sea declarado Monumento Nacional\u201d.<\/p>\n<p>&nbsp;<\/p>\n<h1 class=\"article-title\"><\/h1>\n<div align=\"justify\"><\/div>\n","protected":false},"excerpt":{"rendered":"<p>Reproducimos una entrada publicada en \u00abTribuna del Noroeste\u00bb por Francisco Fernandez Garcia, archivero municipal de Caravaca que es muy interesante. El 2 de marzo de 1944 el Consejo de Ministros suscribi\u00f3 un Real Decreto declarando Monumento Hist\u00f3rico Art\u00edstico el Castillo y Santuario de la Stma. y Vera Cruz, que quedar\u00eda a partir de entonces bajo [&hellip;]<\/p>\n","protected":false},"author":2,"featured_media":0,"comment_status":"open","ping_status":"open","sticky":false,"template":"","format":"standard","meta":{"footnotes":""},"categories":[2126,1],"tags":[],"class_list":["post-5487","post","type-post","status-publish","format-standard","hentry","category-espanol","category-sin-categoria"],"_links":{"self":[{"href":"https:\/\/www.turismocaravaca.com\/blog\/wp-json\/wp\/v2\/posts\/5487"}],"collection":[{"href":"https:\/\/www.turismocaravaca.com\/blog\/wp-json\/wp\/v2\/posts"}],"about":[{"href":"https:\/\/www.turismocaravaca.com\/blog\/wp-json\/wp\/v2\/types\/post"}],"author":[{"embeddable":true,"href":"https:\/\/www.turismocaravaca.com\/blog\/wp-json\/wp\/v2\/users\/2"}],"replies":[{"embeddable":true,"href":"https:\/\/www.turismocaravaca.com\/blog\/wp-json\/wp\/v2\/comments?post=5487"}],"version-history":[{"count":2,"href":"https:\/\/www.turismocaravaca.com\/blog\/wp-json\/wp\/v2\/posts\/5487\/revisions"}],"predecessor-version":[{"id":5490,"href":"https:\/\/www.turismocaravaca.com\/blog\/wp-json\/wp\/v2\/posts\/5487\/revisions\/5490"}],"wp:attachment":[{"href":"https:\/\/www.turismocaravaca.com\/blog\/wp-json\/wp\/v2\/media?parent=5487"}],"wp:term":[{"taxonomy":"category","embeddable":true,"href":"https:\/\/www.turismocaravaca.com\/blog\/wp-json\/wp\/v2\/categories?post=5487"},{"taxonomy":"post_tag","embeddable":true,"href":"https:\/\/www.turismocaravaca.com\/blog\/wp-json\/wp\/v2\/tags?post=5487"}],"curies":[{"name":"wp","href":"https:\/\/api.w.org\/{rel}","templated":true}]}}