{"id":5512,"date":"2016-08-12T06:42:05","date_gmt":"2016-08-12T06:42:05","guid":{"rendered":"http:\/\/www.turismocaravaca.com\/blog\/?p=5512"},"modified":"2017-09-04T16:46:56","modified_gmt":"2017-09-04T16:46:56","slug":"corte-de-trafico-fines-de-semana-en-la-plaza-del-arco","status":"publish","type":"post","link":"https:\/\/www.turismocaravaca.com\/blog\/corte-de-trafico-fines-de-semana-en-la-plaza-del-arco\/","title":{"rendered":"Corte de Tr\u00e1fico, Fines de Semana, en la Plaza del Arco."},"content":{"rendered":"<p style=\"text-align: justify;\"><a href=\"https:\/\/www.turismocaravaca.com\/blog\/wp-content\/uploads\/2016\/08\/aviso.png\"><img loading=\"lazy\" decoding=\"async\" class=\"alignleft  wp-image-5513\" src=\"https:\/\/www.turismocaravaca.com\/blog\/wp-content\/uploads\/2016\/08\/aviso.png\" alt=\"aviso\" width=\"141\" height=\"121\" \/><\/a>Para favorecer la circulaci\u00f3n peatonal de los turistas que durante los fines de semana se concentran en la zona de la <strong>Plaza del Arco<\/strong> y para asegurar unas condiciones de mayor seguridad, el Ayuntamiento de Caravaca de la Cruz <strong>cortar\u00e1 el tr\u00e1fico rodado en dicha plaza durante los s\u00e1bados y domingos de los meses de julio y agosto, de 11.00 a 19.00 horas.<\/strong><\/p>\n<p style=\"text-align: justify;\">A lo largo del citado periodo de tiempo, los veh\u00edculos que tengan que acceder al barrio del Castillo y a la Real Bas\u00edlica de la Vera Cruz, lo har\u00e1n<strong> por la calle Colegio y calle Mayor, en su tramo de la parroquia de \u2018El Salvador\u2019<\/strong>, quedando \u00fanicamente permitido el paso por la plaza a los servicios de seguridad, emergencias y acontecimientos excepcionales.<\/p>\n","protected":false},"excerpt":{"rendered":"<p>Para favorecer la circulaci\u00f3n peatonal de los turistas que durante los fines de semana se concentran en la zona de la Plaza del Arco y para asegurar unas condiciones de mayor seguridad, el Ayuntamiento de Caravaca de la Cruz cortar\u00e1 el tr\u00e1fico rodado en dicha plaza durante los s\u00e1bados y domingos de los meses de [&hellip;]<\/p>\n","protected":false},"author":2,"featured_media":0,"comment_status":"open","ping_status":"open","sticky":false,"template":"","format":"standard","meta":{"footnotes":""},"categories":[2113,2126],"tags":[],"class_list":["post-5512","post","type-post","status-publish","format-standard","hentry","category-destacados","category-espanol"],"_links":{"self":[{"href":"https:\/\/www.turismocaravaca.com\/blog\/wp-json\/wp\/v2\/posts\/5512"}],"collection":[{"href":"https:\/\/www.turismocaravaca.com\/blog\/wp-json\/wp\/v2\/posts"}],"about":[{"href":"https:\/\/www.turismocaravaca.com\/blog\/wp-json\/wp\/v2\/types\/post"}],"author":[{"embeddable":true,"href":"https:\/\/www.turismocaravaca.com\/blog\/wp-json\/wp\/v2\/users\/2"}],"replies":[{"embeddable":true,"href":"https:\/\/www.turismocaravaca.com\/blog\/wp-json\/wp\/v2\/comments?post=5512"}],"version-history":[{"count":2,"href":"https:\/\/www.turismocaravaca.com\/blog\/wp-json\/wp\/v2\/posts\/5512\/revisions"}],"predecessor-version":[{"id":5515,"href":"https:\/\/www.turismocaravaca.com\/blog\/wp-json\/wp\/v2\/posts\/5512\/revisions\/5515"}],"wp:attachment":[{"href":"https:\/\/www.turismocaravaca.com\/blog\/wp-json\/wp\/v2\/media?parent=5512"}],"wp:term":[{"taxonomy":"category","embeddable":true,"href":"https:\/\/www.turismocaravaca.com\/blog\/wp-json\/wp\/v2\/categories?post=5512"},{"taxonomy":"post_tag","embeddable":true,"href":"https:\/\/www.turismocaravaca.com\/blog\/wp-json\/wp\/v2\/tags?post=5512"}],"curies":[{"name":"wp","href":"https:\/\/api.w.org\/{rel}","templated":true}]}}