{"id":5579,"date":"2016-09-27T15:33:48","date_gmt":"2016-09-27T15:33:48","guid":{"rendered":"http:\/\/www.turismocaravaca.com\/blog\/?p=5579"},"modified":"2017-09-04T16:49:13","modified_gmt":"2017-09-04T16:49:13","slug":"el-consejo-de-ministro-aprueba-la-comision-interadministrativa-del-ano-jubilar-2017","status":"publish","type":"post","link":"https:\/\/www.turismocaravaca.com\/blog\/el-consejo-de-ministro-aprueba-la-comision-interadministrativa-del-ano-jubilar-2017\/","title":{"rendered":"El Consejo de Ministros aprueba la comisi\u00f3n Interadministrativa del A\u00f1o Jubilar 2017"},"content":{"rendered":"<p style=\"text-align: justify;\">El Consejo de Ministros aprueba la firma de un convenio de colaboraci\u00f3n que impulsa el apoyo a la celebraci\u00f3n en 2017 del A\u00f1o Jubilar en Caravaca de la Cruz como evento tur\u00edstico singula.<\/p>\n<p style=\"text-align: justify;\">El Consejo de Ministros ha ratificado la autorizaci\u00f3n provisional para la suscripci\u00f3n del Convenio de colaboraci\u00f3n entre los Ministerios de Educaci\u00f3n, Cultura y Deporte, y de Hacienda y Administraciones P\u00fablicas, la Comunidad Aut\u00f3noma de la Regi\u00f3n de Murcia y otras instituciones para la creaci\u00f3n de la Comisi\u00f3n Interadministrativa del acontecimiento de excepcional inter\u00e9s p\u00fablico \u201cCaravaca de la Cruz 2017. A\u00f1o Jubilar\u201d.<\/p>\n<p style=\"text-align: justify;\">Esta Comisi\u00f3n ser\u00e1 el \u00f3rgano encargado del desarrollo y concreci\u00f3n en planes y programas de las actividades y apoyo a la celebraci\u00f3n y, en especial, de la certificaci\u00f3n de la adecuaci\u00f3n de los gastos realizados a los objetivos y planes del citado programa. La Ley de Presupuestos Generales para 2016 otorg\u00f3 a esta celebraci\u00f3n la consideraci\u00f3n de acontecimiento de excepcional inter\u00e9s p\u00fablico, por lo cual goza de los m\u00e1ximos beneficios fiscales previstos en la Ley de r\u00e9gimen fiscal de las entidades sin fines lucrativos y de los incentivos fiscales al mecenazgo. La duraci\u00f3n del programa de apoyo fiscal a \u201cCaravaca de la Cruz 2017. A\u00f1o Jubilar\u201d abarca hasta el 31de junio de 2018.<\/p>\n<p style=\"text-align: justify;\">El presidente de la Comunidad, Pedro Antonio S\u00e1nchez, asegur\u00f3 que apostar por el A\u00f1o Jubilar de Caravaca de la Cruz y ayudar a este proyecto a trav\u00e9s del mecenazgo \u201ctendr\u00e1 incentivos fiscales durante los pr\u00f3ximos dos a\u00f1os para las empresas, y beneficios para toda la Regi\u00f3n de Murcia\u201d.<\/p>\n<p style=\"text-align: justify;\">Hay que aprovechar que nosotros tenemos una de las cinco ciudades santas\u201d, dijo el presidente, quien a\u00f1adi\u00f3 que esta medida aprobada hoy por el Gobierno de Espa\u00f1a es tambi\u00e9n \u201cuna forma de dotar de m\u00e1s recursos al pr\u00f3ximo A\u00f1o Santo, que pretende convertirse en el principal atractivo de la Regi\u00f3n en 2017.<\/p>\n<p style=\"text-align: justify;\">El A\u00f1o Jubilar de Caravaca es un elemento clave para desestacionalizar el turismo en la Regi\u00f3n de Murcia y \u201creforzar nuestra imagen tur\u00edstica\u201d.<\/p>\n<p style=\"text-align: justify;\">El objetivo es alcanzar los dos millones de visitantes, superando las cifras de 2010. Seg\u00fan Pedro Antonio S\u00e1nchez, esta medida \u201cayuda no solo a Caravaca en su A\u00f1o Santo, sino que toda la Regi\u00f3n se beneficiar\u00e1 de un nuevo turismo en auge como el religioso\u201d, que mueve a m\u00e1s de 300 millones de personas en el mundo, seg\u00fan datos de la Organizaci\u00f3n Mundial del Turismo.<\/p>\n<p style=\"text-align: justify;\"><a href=\"https:\/\/www.turismocaravaca.com\/blog\/wp-content\/uploads\/2016\/09\/logo-jubilar-2017.jpg\"><img loading=\"lazy\" decoding=\"async\" class=\"aligncenter size-full wp-image-5580\" src=\"https:\/\/www.turismocaravaca.com\/blog\/wp-content\/uploads\/2016\/09\/logo-jubilar-2017.jpg\" alt=\"logo-jubilar-2017\" width=\"1000\" height=\"1000\" srcset=\"https:\/\/www.turismocaravaca.com\/blog\/wp-content\/uploads\/2016\/09\/logo-jubilar-2017.jpg 1000w, https:\/\/www.turismocaravaca.com\/blog\/wp-content\/uploads\/2016\/09\/logo-jubilar-2017-150x150.jpg 150w, https:\/\/www.turismocaravaca.com\/blog\/wp-content\/uploads\/2016\/09\/logo-jubilar-2017-300x300.jpg 300w, https:\/\/www.turismocaravaca.com\/blog\/wp-content\/uploads\/2016\/09\/logo-jubilar-2017-768x768.jpg 768w\" sizes=\"(max-width: 1000px) 100vw, 1000px\" \/><\/a><\/p>\n<p style=\"text-align: justify;\"><strong>Composici\u00f3n<\/strong><br \/>\nLa presidencia de la Comisi\u00f3n Interadministrativa corresponder\u00e1 al Consejero competente en materia de turismo de la Comunidad Aut\u00f3noma de la Regi\u00f3n de Murcia y la vicepresidencia, al alcalde del ayuntamiento de Caravaca de la Cruz. Participar\u00e1n en ella como vocales sendos representantes de los Ministerios de Hacienda y Administraciones P\u00fablicas, y de Educaci\u00f3n, Cultura y Deporte, as\u00ed como del Instituto de Turismo de la Regi\u00f3n de Murcia, del Ayuntamiento de Caravaca de la Cruz, de la Fundaci\u00f3n Camino de la Cruz de Caravaca y de la Real e Ilustre Cofrad\u00eda de la Sant\u00edsima y Vera Cruz de Caravaca.<\/p>\n<p style=\"text-align: justify;\">La Fundaci\u00f3n Camino de la Cruz de Caravaca asume la financiaci\u00f3n de la programaci\u00f3n oficial del evento y la sufragar\u00e1 con cargo a su presupuesto ordinario. Del mismo modo, esta Fundaci\u00f3n ser\u00e1 la destinataria y administradora de las donaciones u otros ingresos que se realicen para la ejecuci\u00f3n del programa de apoyo al acontecimiento.<\/p>\n<p style=\"text-align: justify;\">La Regi\u00f3n de Murcia y el Ayuntamiento de Caravaca de la Cruz podr\u00e1n colaborar con la Fundaci\u00f3n mediante la financiaci\u00f3n de las actividades que se determinen, si bien la Administraci\u00f3n General del Estado no asumir\u00e1 obligaci\u00f3n econ\u00f3mica alguna que derive de las actuaciones realizadas por la Comisi\u00f3n Interadministrativa.<\/p>\n<p style=\"text-align: justify;\"><a href=\"https:\/\/www.turismocaravaca.com\/blog\/wp-content\/uploads\/2016\/09\/proyectos-2.jpg\"><img loading=\"lazy\" decoding=\"async\" class=\"aligncenter size-full wp-image-5576\" src=\"https:\/\/www.turismocaravaca.com\/blog\/wp-content\/uploads\/2016\/09\/proyectos-2.jpg\" alt=\"proyectos-2\" width=\"640\" height=\"427\" srcset=\"https:\/\/www.turismocaravaca.com\/blog\/wp-content\/uploads\/2016\/09\/proyectos-2.jpg 640w, https:\/\/www.turismocaravaca.com\/blog\/wp-content\/uploads\/2016\/09\/proyectos-2-300x200.jpg 300w\" sizes=\"(max-width: 640px) 100vw, 640px\" \/><\/a><\/p>\n","protected":false},"excerpt":{"rendered":"<p>El Consejo de Ministros aprueba la firma de un convenio de colaboraci\u00f3n que impulsa el apoyo a la celebraci\u00f3n en 2017 del A\u00f1o Jubilar en Caravaca de la Cruz como evento tur\u00edstico singula. El Consejo de Ministros ha ratificado la autorizaci\u00f3n provisional para la suscripci\u00f3n del Convenio de colaboraci\u00f3n entre los Ministerios de Educaci\u00f3n, Cultura [&hellip;]<\/p>\n","protected":false},"author":2,"featured_media":0,"comment_status":"open","ping_status":"open","sticky":false,"template":"","format":"standard","meta":{"footnotes":""},"categories":[2126,1],"tags":[],"class_list":["post-5579","post","type-post","status-publish","format-standard","hentry","category-espanol","category-sin-categoria"],"_links":{"self":[{"href":"https:\/\/www.turismocaravaca.com\/blog\/wp-json\/wp\/v2\/posts\/5579"}],"collection":[{"href":"https:\/\/www.turismocaravaca.com\/blog\/wp-json\/wp\/v2\/posts"}],"about":[{"href":"https:\/\/www.turismocaravaca.com\/blog\/wp-json\/wp\/v2\/types\/post"}],"author":[{"embeddable":true,"href":"https:\/\/www.turismocaravaca.com\/blog\/wp-json\/wp\/v2\/users\/2"}],"replies":[{"embeddable":true,"href":"https:\/\/www.turismocaravaca.com\/blog\/wp-json\/wp\/v2\/comments?post=5579"}],"version-history":[{"count":2,"href":"https:\/\/www.turismocaravaca.com\/blog\/wp-json\/wp\/v2\/posts\/5579\/revisions"}],"predecessor-version":[{"id":5582,"href":"https:\/\/www.turismocaravaca.com\/blog\/wp-json\/wp\/v2\/posts\/5579\/revisions\/5582"}],"wp:attachment":[{"href":"https:\/\/www.turismocaravaca.com\/blog\/wp-json\/wp\/v2\/media?parent=5579"}],"wp:term":[{"taxonomy":"category","embeddable":true,"href":"https:\/\/www.turismocaravaca.com\/blog\/wp-json\/wp\/v2\/categories?post=5579"},{"taxonomy":"post_tag","embeddable":true,"href":"https:\/\/www.turismocaravaca.com\/blog\/wp-json\/wp\/v2\/tags?post=5579"}],"curies":[{"name":"wp","href":"https:\/\/api.w.org\/{rel}","templated":true}]}}