{"id":5594,"date":"2016-10-06T12:00:07","date_gmt":"2016-10-06T12:00:07","guid":{"rendered":"http:\/\/www.turismocaravaca.com\/blog\/?p=5594"},"modified":"2017-09-04T16:49:13","modified_gmt":"2017-09-04T16:49:13","slug":"paco-pim","status":"publish","type":"post","link":"https:\/\/www.turismocaravaca.com\/blog\/paco-pim\/","title":{"rendered":"PACO PIM"},"content":{"rendered":"<p style=\"text-align: justify;\">En esta ocasi\u00f3n vamos a dedicar la entrada del blog a un ilustre personaje de nuestra reciente historia local: Paco Pim.<\/p>\n<p style=\"text-align: justify;\"><a href=\"https:\/\/www.turismocaravaca.com\/blog\/wp-content\/uploads\/2016\/10\/paco-pim-126-300xXx80.jpg\"><img loading=\"lazy\" decoding=\"async\" class=\"aligncenter size-full wp-image-5595\" src=\"https:\/\/www.turismocaravaca.com\/blog\/wp-content\/uploads\/2016\/10\/paco-pim-126-300xXx80.jpg\" alt=\"paco-pim-126-300xxx80\" width=\"300\" height=\"467\" srcset=\"https:\/\/www.turismocaravaca.com\/blog\/wp-content\/uploads\/2016\/10\/paco-pim-126-300xXx80.jpg 300w, https:\/\/www.turismocaravaca.com\/blog\/wp-content\/uploads\/2016\/10\/paco-pim-126-300xXx80-193x300.jpg 193w\" sizes=\"(max-width: 300px) 100vw, 300px\" \/><\/a><\/p>\n<p style=\"text-align: justify;\">Don Francisco: trabajador incansable, gran conversador, hombre con gran sentido del humor, de prodigiosa memoria y saber, sencillo y amigo de todos, vino al mundo all\u00e1 por 1924 en la murciana localidad de Espinardo donde sus padres resid\u00edan por motivos laborales. En 1931, a los 7 a\u00f1os de edad, regres\u00f3 a Caravaca donde trascurri\u00f3 su ni\u00f1ez y adolescencia. Posteriormente, tras a\u00f1os trabajando en la empresa privada, como empleado por cuenta ajena (fue contable en una f\u00e1brica de alpargatas y jefe de recambios y\u00a0 administraci\u00f3n\u00a0 en el desaparecido Garaje Ford), curs\u00f3 estudios de Graduado Social montando su propia empresa, primero en su provisional ubicaci\u00f3n de la calle del Pilar, y, posteriormente, en la Gran V\u00eda. Paco Pim fue durante sus muchos a\u00f1os de ejercicio profesional el \u201cpa\u00f1o de l\u00e1grimas\u201d de gentes de toda clase y condici\u00f3n a quienes sac\u00f3 de apuros administrativos y agiliz\u00f3 la burocracia relacionada con la Seguridad Social, y, desde la m\u00e1s estricta legalidad, \u201carregl\u00f3 los papeles\u201d para pensiones, contratos, etc. Su buen hacer profesional unido a sus cualidades personales le granjearon el cari\u00f1o de las gentes de esta ciudad.<\/p>\n<p style=\"text-align: justify;\">\n<p style=\"text-align: justify;\">Francisco S\u00e1nchez Mart\u00ednez, m\u00e1s conocido como \u201cPaco Pim\u201d, quien falleci\u00f3 a comienzos de este a\u00f1o 2016, concretamente un 20 de enero a los 92 a\u00f1os de edad, era persona muy querida en Caravaca de la Cruz, ciudad en la que una de sus principales plazas, la antes llamada plaza El\u00edptica, lleva el nombre con el que popularmente se le conoc\u00eda. Paco Pim tuvo una importante presencia en la sociedad caravaque\u00f1a en la que fue, a saber: pregonero de la Semana Santa en 1998, \u00a0pregonero de las fiestas patronales en el 2004, Moro del A\u00f1o en el 2002, Cofrade de Honor y Moro de m\u00e1s edad en activo en el 2003, Hermano Mayor de la Cofrad\u00eda de la Stma. y Vera Cruz entre los a\u00f1os 1994 a 1997: siendo uno de los art\u00edfices que hicieron posible la concesi\u00f3n de A\u00f1o Santo a perpetuidad para la Cruz de Caravaca, creador de la Capilla de la Vera Cruz en la Bas\u00edlica- Santuario, logr\u00f3 asimismo la cesi\u00f3n del inmueble sito en la calle de Las Monjas (conocido como Casa de la Cruz) para convertirlo en sede de la Cofrad\u00eda de la Vera Cruz, presidi\u00f3 la Fundaci\u00f3n P\u00eda de la Vera Cruz, fue presidente del C\u00edrculo Mercantil y fue tambi\u00e9n miembro fundador de los Reales Halcones Negros del Desierto, es decir, perteneci\u00f3 a la generaci\u00f3n que hizo posible la <em>Renovaci\u00f3n de las Fiestas<\/em> de la Vera Cruz en 1959.<\/p>\n<p style=\"text-align: center;\"><a href=\"https:\/\/www.turismocaravaca.com\/blog\/wp-content\/uploads\/2016\/10\/paco-pim-halcones.jpg\"><img loading=\"lazy\" decoding=\"async\" class=\"aligncenter size-full wp-image-5596\" src=\"https:\/\/www.turismocaravaca.com\/blog\/wp-content\/uploads\/2016\/10\/paco-pim-halcones.jpg\" alt=\"paco-pim-halcones\" width=\"1000\" height=\"744\" srcset=\"https:\/\/www.turismocaravaca.com\/blog\/wp-content\/uploads\/2016\/10\/paco-pim-halcones.jpg 1000w, https:\/\/www.turismocaravaca.com\/blog\/wp-content\/uploads\/2016\/10\/paco-pim-halcones-300x223.jpg 300w, https:\/\/www.turismocaravaca.com\/blog\/wp-content\/uploads\/2016\/10\/paco-pim-halcones-768x571.jpg 768w\" sizes=\"(max-width: 1000px) 100vw, 1000px\" \/><\/a><\/p>\n<p style=\"text-align: justify;\">Para terminar este art\u00edculo una curiosidad: \u00bfpor qu\u00e9 le llamaban Paco Pim? Gracias a la gentileza de su nieta Gloria G\u00f3mez, quien transcribi\u00f3 una conversaci\u00f3n mantenida con \u00e9l en la que lo contaba, os hacemos part\u00edcipes del origen de tal apelativo. Dejemos que sea el propio Don Francisco el que nos lo cuente:<\/p>\n<p style=\"text-align: justify;\">\n<p style=\"text-align: justify;\"><em>\u201cEra el d\u00eda de la Pur\u00edsima de 1941, era martes, yo viv\u00eda en la Cuesta de Don \u00c1lvaro, arriba en la placeta y hab\u00eda bajao, como era fiesta, me hab\u00eda encontrao con Blas Vera en la puerta de las pilaricas, luego baj\u00f3 Pedro Campos Orrico, que tambi\u00e9n viv\u00eda en la Cuesta de Don \u00c1lvaro y estando all\u00ed, tambi\u00e9n estaba Antonio Robles, y en esto que viene Gin\u00e9s Garc\u00eda Andreu, ven\u00eda con un per\u00edodico que se llamaba Gol y que era igual que <\/em><em>hoy<\/em><em> el Marca y, como era martes, digo d\u00e9jame que vea los resultaos del futbol y me da el peri\u00f3dico y cuando yo estoy leyendo el per\u00edodico, dice dame el peri\u00f3dico que baja por ah\u00ed la Maruja, que fue despu\u00e9s su mujer, que eran novios, que vamos a misa y faltan tres minutos, digo espera leche, que estoy leyendo la historieta de Paco Pim, porque ven\u00eda una historieta que pon\u00eda \u201cPaco Pim, hombre gordo y deportista\u201d, dice tu s\u00ed que estas hecho un Paco Pim, luego por la tarde, aunque no hab\u00edamos com\u00edo ni \u00e9l ni yo, el Pedro Campos Orrico, subi\u00f3 all\u00ed a mi casa\u2026has com\u00edo ya Paco Pim, digo no, eso que hemos hecho no ha sio na, pero en fin, v\u00e1monos que llevo aqu\u00ed dos puricos de esos finos, nos vamos a las Fuentes y nos los fumamos. Salimos pa arriba, nos fuimos a las Fuentes, nos fumamos los puros y cuando volvimos (s\u00ed, ya llevaba yo los pantalones largos), \u00e9l se fue a buscar a la camarillla y yo me fui a mi casa por si hab\u00eda alguna cosa que poderse comer y cuando los encuentra \u00e9l a ellos ya en la Gran V\u00eda, dicen pos d\u00f3nde te has meti\u00f3? Dice, yo me he ido con Paco Pim a las Fuentes, nos hemos fumao un purico, dicen vaya hombre\u2026.y ya, a partir de entonces\u2026Paco Pim\u201d.<\/em><\/p>\n<p style=\"text-align: justify;\">\n<p style=\"text-align: justify;\"><strong>\u00a0<\/strong><\/p>\n<p><strong>\u00a0<\/strong><\/p>\n<p><strong>\u00a0<\/strong><\/p>\n<p><strong>Fuente: <\/strong><\/p>\n<p>Gloria G\u00f3mez S\u00e1nchez<\/p>\n<p><a href=\"http:\/\/www.murcia20.es\">www.murcia20.es<\/a><\/p>\n<p><a href=\"http:\/\/www.elnoroestedigital.com\">www.elnoroestedigital.com<\/a><\/p>\n<p><a href=\"http:\/\/www.caravacaenfiestas.con\">www.caravacaenfiestas.con<\/a><\/p>\n<p><a href=\"http:\/\/www.caravacaaldia.com\">www.caravacaaldia.com<\/a><\/p>\n<p><a href=\"http:\/\/www.\/murciaconfidencial.blogspot.com.es\/\">www.\/murciaconfidencial.blogspot.com.es\/<\/a><\/p>\n<p><a href=\"http:\/\/www.laverdad.es\">www.laverdad.es<\/a><\/p>\n<p>&nbsp;<\/p>\n<p>&nbsp;<\/p>\n","protected":false},"excerpt":{"rendered":"<p>En esta ocasi\u00f3n vamos a dedicar la entrada del blog a un ilustre personaje de nuestra reciente historia local: Paco Pim. Don Francisco: trabajador incansable, gran conversador, hombre con gran sentido del humor, de prodigiosa memoria y saber, sencillo y amigo de todos, vino al mundo all\u00e1 por 1924 en la murciana localidad de Espinardo [&hellip;]<\/p>\n","protected":false},"author":2,"featured_media":0,"comment_status":"open","ping_status":"open","sticky":false,"template":"","format":"standard","meta":{"footnotes":""},"categories":[2126,17,2122],"tags":[2123],"class_list":["post-5594","post","type-post","status-publish","format-standard","hentry","category-espanol","category-ferias","category-personajes-de-caravaca","tag-paco-pim"],"_links":{"self":[{"href":"https:\/\/www.turismocaravaca.com\/blog\/wp-json\/wp\/v2\/posts\/5594"}],"collection":[{"href":"https:\/\/www.turismocaravaca.com\/blog\/wp-json\/wp\/v2\/posts"}],"about":[{"href":"https:\/\/www.turismocaravaca.com\/blog\/wp-json\/wp\/v2\/types\/post"}],"author":[{"embeddable":true,"href":"https:\/\/www.turismocaravaca.com\/blog\/wp-json\/wp\/v2\/users\/2"}],"replies":[{"embeddable":true,"href":"https:\/\/www.turismocaravaca.com\/blog\/wp-json\/wp\/v2\/comments?post=5594"}],"version-history":[{"count":1,"href":"https:\/\/www.turismocaravaca.com\/blog\/wp-json\/wp\/v2\/posts\/5594\/revisions"}],"predecessor-version":[{"id":5597,"href":"https:\/\/www.turismocaravaca.com\/blog\/wp-json\/wp\/v2\/posts\/5594\/revisions\/5597"}],"wp:attachment":[{"href":"https:\/\/www.turismocaravaca.com\/blog\/wp-json\/wp\/v2\/media?parent=5594"}],"wp:term":[{"taxonomy":"category","embeddable":true,"href":"https:\/\/www.turismocaravaca.com\/blog\/wp-json\/wp\/v2\/categories?post=5594"},{"taxonomy":"post_tag","embeddable":true,"href":"https:\/\/www.turismocaravaca.com\/blog\/wp-json\/wp\/v2\/tags?post=5594"}],"curies":[{"name":"wp","href":"https:\/\/api.w.org\/{rel}","templated":true}]}}