{"id":5612,"date":"2016-10-13T16:29:38","date_gmt":"2016-10-13T16:29:38","guid":{"rendered":"http:\/\/www.turismocaravaca.com\/blog\/?p=5612"},"modified":"2017-09-04T16:49:13","modified_gmt":"2017-09-04T16:49:13","slug":"caravaca-de-la-cruz-muestra-sus-recursos-turisticos-en-la-feria-de-rimini-italia","status":"publish","type":"post","link":"https:\/\/www.turismocaravaca.com\/blog\/caravaca-de-la-cruz-muestra-sus-recursos-turisticos-en-la-feria-de-rimini-italia\/","title":{"rendered":"Caravaca de la Cruz muestra sus recursos tur\u00edsticos en la Feria de R\u00edmini (Italia)."},"content":{"rendered":"<p><strong>La feria es uno de los puntos de encuentro m\u00e1s destacados del sector tur\u00edstico italiano, principal consumidor de turismo religioso<\/strong><\/p>\n<p>&nbsp;<\/p>\n<p style=\"text-align: justify;\"><strong>13\/10\/16.<\/strong> La oferta tur\u00edstica de Caravaca de la Cruz est\u00e1 presente en la feria TTG Incontri, que se celebra en la ciudad italiana de R\u00edmini, desde hoy y hasta el pr\u00f3ximo 15 de octubre. La Concejal\u00eda de Turismo del Consistorio caravaque\u00f1o ha instalado un stand, orientado principalmente a la difusi\u00f3n del A\u00f1o Jubilar 2017 y al posicionamiento del municipio como destino permanente de peregrinaci\u00f3n.<\/p>\n<p style=\"text-align: center;\"><a href=\"https:\/\/www.turismocaravaca.com\/blog\/wp-content\/uploads\/2016\/10\/FeriaRimini01.jpg\"><img loading=\"lazy\" decoding=\"async\" class=\"aligncenter size-large wp-image-5613\" src=\"https:\/\/www.turismocaravaca.com\/blog\/wp-content\/uploads\/2016\/10\/FeriaRimini01-1024x640.jpg\" alt=\"feriarimini01\" width=\"768\" height=\"480\" srcset=\"https:\/\/www.turismocaravaca.com\/blog\/wp-content\/uploads\/2016\/10\/FeriaRimini01-1024x640.jpg 1024w, https:\/\/www.turismocaravaca.com\/blog\/wp-content\/uploads\/2016\/10\/FeriaRimini01-300x188.jpg 300w, https:\/\/www.turismocaravaca.com\/blog\/wp-content\/uploads\/2016\/10\/FeriaRimini01-768x480.jpg 768w\" sizes=\"(max-width: 768px) 100vw, 768px\" \/><\/a><\/p>\n<p style=\"text-align: justify;\">Durante la feria, se repartir\u00e1n cerca de 4.000 unidades de material promocional en italiano y castellano, con la red muse\u00edstica y los principales recursos patrimoniales del municipio. Igualmente, en la exposici\u00f3n se puede admirar un enjaezamiento de los Caballos del Vino y diversos paneles con im\u00e1genes de la Sant\u00edsima y Vera Cruz y su Bas\u00edlica.<\/p>\n<p style=\"text-align: center;\"><a href=\"https:\/\/www.turismocaravaca.com\/blog\/wp-content\/uploads\/2016\/10\/FeriaRimini02.jpg\"><img loading=\"lazy\" decoding=\"async\" class=\"aligncenter size-large wp-image-5614\" src=\"https:\/\/www.turismocaravaca.com\/blog\/wp-content\/uploads\/2016\/10\/FeriaRimini02-1024x613.jpg\" alt=\"feriarimini02\" width=\"768\" height=\"460\" srcset=\"https:\/\/www.turismocaravaca.com\/blog\/wp-content\/uploads\/2016\/10\/FeriaRimini02-1024x613.jpg 1024w, https:\/\/www.turismocaravaca.com\/blog\/wp-content\/uploads\/2016\/10\/FeriaRimini02-300x180.jpg 300w, https:\/\/www.turismocaravaca.com\/blog\/wp-content\/uploads\/2016\/10\/FeriaRimini02-768x460.jpg 768w\" sizes=\"(max-width: 768px) 100vw, 768px\" \/><\/a><\/p>\n<p style=\"text-align: justify;\">La feria de R\u00edmini es de las m\u00e1s relevantes de cuantas se celebran en Italia y est\u00e1 considerada como uno de los puntos de encuentro m\u00e1s importantes para los profesionales de la industria tur\u00edstica italiana, aunque tambi\u00e9n abre sus puertas al p\u00fablico general. Este evento supone una oportunidad para materializar nuevos contactos, abrir operaciones de negocio y analizar las tendencias del mercado tur\u00edstico.<\/p>\n<p style=\"text-align: center;\"><a href=\"https:\/\/www.turismocaravaca.com\/blog\/wp-content\/uploads\/2016\/10\/FeriaRimini03.jpg\"><img loading=\"lazy\" decoding=\"async\" class=\"aligncenter size-large wp-image-5615\" src=\"https:\/\/www.turismocaravaca.com\/blog\/wp-content\/uploads\/2016\/10\/FeriaRimini03-1024x572.jpg\" alt=\"feriarimini03\" width=\"768\" height=\"429\" srcset=\"https:\/\/www.turismocaravaca.com\/blog\/wp-content\/uploads\/2016\/10\/FeriaRimini03-1024x572.jpg 1024w, https:\/\/www.turismocaravaca.com\/blog\/wp-content\/uploads\/2016\/10\/FeriaRimini03-300x168.jpg 300w, https:\/\/www.turismocaravaca.com\/blog\/wp-content\/uploads\/2016\/10\/FeriaRimini03-768x429.jpg 768w\" sizes=\"(max-width: 768px) 100vw, 768px\" \/><\/a><\/p>\n<p style=\"text-align: justify;\">Italia est\u00e1 considerada como uno de los principales consumidores de turismo religioso. De acuerdo con las estimaciones de la Organizaci\u00f3n Mundial del Turismo, el 38% de los turistas en el mundo tiene como motivaci\u00f3n el turismo religioso y Espa\u00f1a es una de las mayores potencias en esta modalidad. Entre 300 y 330 millones de turistas visitan cada a\u00f1o los enclaves religiosos m\u00e1s importantes del mundo, sumando aproximadamente 600 millones de viajes nacionales e internacionales, de los cuales el 40 por ciento tienen lugar en Europa.<\/p>\n<p>&nbsp;<\/p>\n","protected":false},"excerpt":{"rendered":"<p>La feria es uno de los puntos de encuentro m\u00e1s destacados del sector tur\u00edstico italiano, principal consumidor de turismo religioso &nbsp; 13\/10\/16. La oferta tur\u00edstica de Caravaca de la Cruz est\u00e1 presente en la feria TTG Incontri, que se celebra en la ciudad italiana de R\u00edmini, desde hoy y hasta el pr\u00f3ximo 15 de octubre. [&hellip;]<\/p>\n","protected":false},"author":2,"featured_media":0,"comment_status":"open","ping_status":"open","sticky":false,"template":"","format":"standard","meta":{"footnotes":""},"categories":[2126,1],"tags":[],"class_list":["post-5612","post","type-post","status-publish","format-standard","hentry","category-espanol","category-sin-categoria"],"_links":{"self":[{"href":"https:\/\/www.turismocaravaca.com\/blog\/wp-json\/wp\/v2\/posts\/5612"}],"collection":[{"href":"https:\/\/www.turismocaravaca.com\/blog\/wp-json\/wp\/v2\/posts"}],"about":[{"href":"https:\/\/www.turismocaravaca.com\/blog\/wp-json\/wp\/v2\/types\/post"}],"author":[{"embeddable":true,"href":"https:\/\/www.turismocaravaca.com\/blog\/wp-json\/wp\/v2\/users\/2"}],"replies":[{"embeddable":true,"href":"https:\/\/www.turismocaravaca.com\/blog\/wp-json\/wp\/v2\/comments?post=5612"}],"version-history":[{"count":1,"href":"https:\/\/www.turismocaravaca.com\/blog\/wp-json\/wp\/v2\/posts\/5612\/revisions"}],"predecessor-version":[{"id":5616,"href":"https:\/\/www.turismocaravaca.com\/blog\/wp-json\/wp\/v2\/posts\/5612\/revisions\/5616"}],"wp:attachment":[{"href":"https:\/\/www.turismocaravaca.com\/blog\/wp-json\/wp\/v2\/media?parent=5612"}],"wp:term":[{"taxonomy":"category","embeddable":true,"href":"https:\/\/www.turismocaravaca.com\/blog\/wp-json\/wp\/v2\/categories?post=5612"},{"taxonomy":"post_tag","embeddable":true,"href":"https:\/\/www.turismocaravaca.com\/blog\/wp-json\/wp\/v2\/tags?post=5612"}],"curies":[{"name":"wp","href":"https:\/\/api.w.org\/{rel}","templated":true}]}}