{"id":5618,"date":"2016-10-18T09:47:04","date_gmt":"2016-10-18T09:47:04","guid":{"rendered":"http:\/\/www.turismocaravaca.com\/blog\/?p=5618"},"modified":"2017-09-04T16:49:13","modified_gmt":"2017-09-04T16:49:13","slug":"plaza-de-toros-de-caravaca-de-la-cruz","status":"publish","type":"post","link":"https:\/\/www.turismocaravaca.com\/blog\/plaza-de-toros-de-caravaca-de-la-cruz\/","title":{"rendered":"Plaza de Toros de Caravaca de la Cruz"},"content":{"rendered":"<p style=\"text-align: justify;\">La plaza de toros de Caravaca de la Cruz fue construida en la segunda mitad del s. XIX sobre el monasterio franciscano de Santa Mar\u00eda de Gracia. Las obras se realizaron en el tiempo record de tres meses, promovidas por la Sociedad \u201cLa Constructora Caravaque\u00f1a\u201d y siendo posteriormente inaugurada, el d\u00eda 28 de septiembre de 1880. Pronto alcanzan renombre los festejos que en ella se programaban, gracias a la intervenci\u00f3n de algunos de los toreros m\u00e1s destacados de la \u00e9poca.<\/p>\n<p style=\"text-align: justify;\">\u00a0\u00a0\u00a0\u00a0\u00a0\u00a0\u00a0\u00a0\u00a0\u00a0\u00a0 A comienzos del siglo XX varios periodos de cierre terminan por arruinar el edificio, que cierra definitivamente sus puertas a comienzos de los a\u00f1os veinte de ese siglo. En 1925 surge D. Bartolom\u00e9 Garc\u00eda L\u00f3pez, qui\u00e9n compra el inmueble y lo reconstruye en su totalidad aportando la novedad de la c\u00e9lebre portada neomud\u00e9jar y los dos pisos de palcos, aumentando el aforo a 10.000 localidades. Se inaugura el 4 de octubre de 1926 lidi\u00e1ndose toros del Marqu\u00e9s de Guadal\u00e9s por Antonio M\u00e1rquez, Mart\u00edn Ag\u00fcero y Cayetano Ord\u00f3\u00f1ez \u201cNi\u00f1o de la Palma\u201d.<\/p>\n<p style=\"text-align: center;\"><a href=\"https:\/\/www.turismocaravaca.com\/blog\/wp-content\/uploads\/2016\/10\/foto5885.jpg\"><img loading=\"lazy\" decoding=\"async\" class=\"aligncenter size-full wp-image-5619\" src=\"https:\/\/www.turismocaravaca.com\/blog\/wp-content\/uploads\/2016\/10\/foto5885.jpg\" alt=\"foto5885\" width=\"800\" height=\"531\" srcset=\"https:\/\/www.turismocaravaca.com\/blog\/wp-content\/uploads\/2016\/10\/foto5885.jpg 800w, https:\/\/www.turismocaravaca.com\/blog\/wp-content\/uploads\/2016\/10\/foto5885-300x199.jpg 300w, https:\/\/www.turismocaravaca.com\/blog\/wp-content\/uploads\/2016\/10\/foto5885-768x510.jpg 768w\" sizes=\"(max-width: 800px) 100vw, 800px\" \/><\/a><\/p>\n<p style=\"text-align: justify;\">En 1939 la Plaza es comprada por D. Jos\u00e9 Meseguer. En los a\u00f1os 40 destacan las intervenciones del torero caravaque\u00f1o Pedro Barrera, en especial su c\u00e9lebre mano a mano con \u201cManolete\u201d en la feria de 1943.<\/p>\n<p style=\"text-align: justify;\">\u00a0\u00a0\u00a0\u00a0\u00a0\u00a0\u00a0\u00a0\u00a0\u00a0\u00a0 En 1957 cierra nuevamente sus puertas durante una d\u00e9cada hasta que es adquirida por D. Pedro y D. Jos\u00e9 V\u00e9lez y D. Antonio Rabad\u00e1n, quienes rehabilitan el edificio abri\u00e9ndolo nuevamente al p\u00fablico el 25 de julio de 1967 con una gran novillada. Diez a\u00f1os m\u00e1s tarde venden la Plaza a la Empresa Jim\u00e9nez, integrada por familiares del diestro lorquino Pep\u00edn Jim\u00e9nez, quien la mantendr\u00e1 hasta su cierre en 1981.<\/p>\n<p style=\"text-align: justify;\">\n<p style=\"text-align: justify;\">\u00a0Tras a\u00f1os de\u00a0 abandono, en 1995 el Ayuntamiento de Caravaca de la Cruz consigue comprar la totalidad de la Plaza, inici\u00e1ndose entonces unas importantes obras de rehabilitaci\u00f3n que no pueden concluirse seg\u00fan el proyecto inicial debido a la falta de financiaci\u00f3n. El 12 de julio de 1999 tiene lugar la \u00faltima inauguraci\u00f3n de Plaza de Toros de Caravaca.<\/p>\n<p style=\"text-align: justify;\"><em>\u00a0<\/em><\/p>\n<p style=\"text-align: justify;\">Lo m\u00e1s caracter\u00edstico de esta Plaza es la decoraci\u00f3n arquitect\u00f3nica de su monumental fachada, llena de arcos de herradura y adornos de estuco de lancer\u00eda. El color rojo del revoco del yeso mezclado con almagra hace que sea inconfundible en la localidad. Tiene un aforo para 3050 espectadores y es de tercera categor\u00eda.<\/p>\n<p style=\"text-align: justify;\">\n<p style=\"text-align: justify;\">Fuentes:<\/p>\n<p style=\"text-align: justify;\"><em>\u00a0<\/em><a href=\"http:\/\/www.regmurcia.com\"><em>www.regmurcia.com<\/em><\/a><\/p>\n<p style=\"text-align: justify;\"><em>\u00a0<\/em><a href=\"http:\/\/www.tauroweb.es\"><em>www.tauroweb.es<\/em><\/a><\/p>\n<p style=\"text-align: justify;\"><em>\u00a0<\/em><\/p>\n","protected":false},"excerpt":{"rendered":"<p>La plaza de toros de Caravaca de la Cruz fue construida en la segunda mitad del s. XIX sobre el monasterio franciscano de Santa Mar\u00eda de Gracia. Las obras se realizaron en el tiempo record de tres meses, promovidas por la Sociedad \u201cLa Constructora Caravaque\u00f1a\u201d y siendo posteriormente inaugurada, el d\u00eda 28 de septiembre de [&hellip;]<\/p>\n","protected":false},"author":2,"featured_media":0,"comment_status":"open","ping_status":"open","sticky":false,"template":"","format":"standard","meta":{"footnotes":""},"categories":[2126,1],"tags":[],"class_list":["post-5618","post","type-post","status-publish","format-standard","hentry","category-espanol","category-sin-categoria"],"_links":{"self":[{"href":"https:\/\/www.turismocaravaca.com\/blog\/wp-json\/wp\/v2\/posts\/5618"}],"collection":[{"href":"https:\/\/www.turismocaravaca.com\/blog\/wp-json\/wp\/v2\/posts"}],"about":[{"href":"https:\/\/www.turismocaravaca.com\/blog\/wp-json\/wp\/v2\/types\/post"}],"author":[{"embeddable":true,"href":"https:\/\/www.turismocaravaca.com\/blog\/wp-json\/wp\/v2\/users\/2"}],"replies":[{"embeddable":true,"href":"https:\/\/www.turismocaravaca.com\/blog\/wp-json\/wp\/v2\/comments?post=5618"}],"version-history":[{"count":1,"href":"https:\/\/www.turismocaravaca.com\/blog\/wp-json\/wp\/v2\/posts\/5618\/revisions"}],"predecessor-version":[{"id":5620,"href":"https:\/\/www.turismocaravaca.com\/blog\/wp-json\/wp\/v2\/posts\/5618\/revisions\/5620"}],"wp:attachment":[{"href":"https:\/\/www.turismocaravaca.com\/blog\/wp-json\/wp\/v2\/media?parent=5618"}],"wp:term":[{"taxonomy":"category","embeddable":true,"href":"https:\/\/www.turismocaravaca.com\/blog\/wp-json\/wp\/v2\/categories?post=5618"},{"taxonomy":"post_tag","embeddable":true,"href":"https:\/\/www.turismocaravaca.com\/blog\/wp-json\/wp\/v2\/tags?post=5618"}],"curies":[{"name":"wp","href":"https:\/\/api.w.org\/{rel}","templated":true}]}}