{"id":5622,"date":"2016-10-20T16:36:20","date_gmt":"2016-10-20T16:36:20","guid":{"rendered":"http:\/\/www.turismocaravaca.com\/blog\/?p=5622"},"modified":"2017-09-04T16:49:13","modified_gmt":"2017-09-04T16:49:13","slug":"nuestro-patrimonio-edificio-del-ayuntamiento-de-caravaca-de-la-cruz","status":"publish","type":"post","link":"https:\/\/www.turismocaravaca.com\/blog\/nuestro-patrimonio-edificio-del-ayuntamiento-de-caravaca-de-la-cruz\/","title":{"rendered":"Nuestro Patrimonio: Edificio del Ayuntamiento de Caravaca de la Cruz"},"content":{"rendered":"<p>&nbsp;<\/p>\n<p><img decoding=\"async\" class=\"fotoalbum aligncenter\" title=\"Fachada del Ayuntamiento Vista de Cerca \" src=\"http:\/\/www.regmurcia.com\/servlet\/integra.servlets.Imagenes?METHOD=VERIMAGEN_38884&amp;nombre=11-detalle-de-la-fachada-de_res_300.jpg\" alt=\"Fachada del Ayuntamiento Vista de Cerca \" \/><\/p>\n<p style=\"text-align: justify;\">La Casa Consistorial preside la plaza del propio Ayuntamiento, a la que se llega cruzando el arco que se abre en la base de este edificio, integr\u00e1ndose de esta manera tan peculiar en la arquitectura y el trazado urbano.<\/p>\n<p style=\"text-align: justify;\">Destaca por su raigambre hist\u00f3rica y est\u00e9tica esta construcci\u00f3n del resto de las zonas adyacentes, si bien, desde las balconadas de su interior se puede divisar otra de la joyas de Caravaca, la <a href=\"http:\/\/www.regmurcia.com\/servlet\/s.Sl?sit=c,522,m,162&amp;%20r=CeAP-383-PORTADA_CENTRO_AMPLIADO\">Iglesia Parroquial del Salvador<\/a>, edificada entre los siglos XVI y XVII.<\/p>\n<p style=\"text-align: justify;\">Este edifico fue concebido para sustituir al que albergaba el antiguo Concejo, de ah\u00ed quiz\u00e1 el hecho de que sus fuentes de archivo guarden documentos de fecha tan temprana como el a\u00f1o 1345.<\/p>\n<p style=\"text-align: justify;\"><img decoding=\"async\" class=\"fotoalbum aligncenter\" title=\"Tapiz Situado en la Entrada \" src=\"http:\/\/www.regmurcia.com\/servlet\/integra.servlets.Imagenes?METHOD=VERIMAGEN_38878&amp;nombre=3-tapiz-en-la-entrada-del-a_res_300.jpg\" alt=\"Tapiz Situado en la Entrada \" \/><\/p>\n<p style=\"text-align: justify;\"><strong>La Historia del Edificio<\/strong><\/p>\n<p style=\"text-align: justify;\">En el siglo XVIII el Concejo de Caravaca vio la necesidad de buscar un nuevo emplazamiento. Hasta el momento la Casa Consistorial estaba ubicada en el barrio medieval. En 1737 se acord\u00f3 la construcci\u00f3n del edificio, obra de Jaime Bort (arquitecto principal del Inmafronte barroco de la <a href=\"http:\/\/www.regmurcia.com\/servlet\/s.Sl?sit=c,522,m,162&amp;r=CeAP-105-PORTADA_CENTRO_AMPLIADO\">Catedral de Murcia<\/a>), aunque su trazado original fue modificado por Fray Juan de Santa Teresa y por Juan Garc\u00eda. Finalmente la ejecuci\u00f3n corri\u00f3 a cargo de un gran maestro de obras, nacido en Caravaca, Antonio del Campo.<\/p>\n<p style=\"text-align: justify;\">En <strong>1743<\/strong> <strong>se inicia la construcci\u00f3n y se concluye en 1762<\/strong>, siendo la primera sesi\u00f3n del Concejo el 3 de enero de 1763.<\/p>\n<p style=\"text-align: justify;\">Es en ese siglo XVIII, cuando Caravaca de la Cruz alcanza su mayor desarrollo urbano, gracias a un impulso econ\u00f3mico destacable. La prueba de este desarrollo la podemos observar, por ejemplo, en la Calle de las Monjas, donde a un lado y otro de la calle son varias las casas blasonadas con monumentales portadas principales que serv\u00edan para dar a conocer el poder de las grandes familias ilustres del momento.<\/p>\n<p style=\"text-align: justify;\">Dada la trascendencia hist\u00f3rica y art\u00edstica de este edificio, el 2 de Junio del a\u00f1o 1982, cumpliendo los requisitos oportunos, fue declarado Monumento Hist\u00f3rico Art\u00edstico.<\/p>\n<p style=\"text-align: justify;\">\u00a0\u00a0\u00a0\u00a0\u00a0\u00a0\u00a0\u00a0\u00a0\u00a0\u00a0\u00a0\u00a0\u00a0\u00a0\u00a0\u00a0\u00a0\u00a0\u00a0\u00a0\u00a0\u00a0\u00a0\u00a0 <img decoding=\"async\" class=\"fotoalbum\" title=\"Pasaje \" src=\"http:\/\/www.regmurcia.com\/servlet\/integra.servlets.Imagenes?METHOD=VERIMAGEN_38888&amp;nombre=DSCN0164_res_300.jpg\" alt=\"Pasaje \" \/>\u00a0\u00a0\u00a0\u00a0\u00a0\u00a0\u00a0\u00a0\u00a0\u00a0\u00a0\u00a0\u00a0\u00a0\u00a0\u00a0\u00a0\u00a0\u00a0\u00a0\u00a0\u00a0\u00a0\u00a0\u00a0\u00a0<img decoding=\"async\" class=\"fotoalbum\" title=\"Vistas desde el Ayuntamiento\" src=\"http:\/\/www.regmurcia.com\/servlet\/integra.servlets.Imagenes?METHOD=VERIMAGEN_38887&amp;nombre=DSCN0115_res_300.jpg\" alt=\"Vistas desde el Ayuntamiento\" \/><\/p>\n<p style=\"text-align: center;\">\u00a0\u00a0 <strong>ARQUITECTURA<\/strong><\/p>\n<div class=\"detalleParrafo\">\n<p style=\"text-align: justify;\">El proyecto de esta Casa Consistorial consist\u00eda en una planta en forma de U en la que se distribuir\u00eda el edificio con un frente, o parte noble, y dos brazos que son los que enmarcan la plaza.<\/p>\n<p style=\"text-align: justify;\"><strong>La distribuci\u00f3n de los tres pisos<\/strong> de los que consta el conjunto es de una gran sobriedad, siendo la fachada principal, la que es atravesada por un arco, la m\u00e1s destacada a nivel ornamental. As\u00ed podemos observar, en los brazos, toda una serie de vanos dintelados, o curvos, en el primer piso, balcones en el segundo y ventanas cuadrangulares, algunas de las cuales est\u00e1n cerradas con rejer\u00eda.<\/p>\n<p style=\"text-align: justify;\"><strong>La fachada principal<\/strong> del Ayuntamiento, adem\u00e1s del mencionado arco flanqueado por dos grandes puertas remarcadas de m\u00e1rmol rojo y negro extra\u00eddas de Pe\u00f1a Rubia, destaca por el amplio balc\u00f3n corrido de su segundo piso, balc\u00f3n de hierro de forja sostenido por escuadras. Para remarcar este eje principal de la fachada se adorna en su cornisa con un arco curvo, elemento t\u00edpicamente barroco, con un \u00f3culo inserto que lleva labrado el emblema de la ciudad de Caravaca.<\/p>\n<p style=\"text-align: justify;\"><strong>Anexo al ayuntamiento<\/strong> se encontraba el antiguo dep\u00f3sito de grano que se conoc\u00eda como \u00bfel almud\u00ed\u00bf o \u00bfalh\u00f3ndiga\u00bf, terminado de construir en 1807. En las continuas remodelaciones de este siglo desapareci\u00f3, dedic\u00e1ndose a cometidos municipales.<\/p>\n<p style=\"text-align: justify;\">Como detalle debemos citar, como muestra tambi\u00e9n del devenir hist\u00f3rico de las urbes, que sobre la puerta del balc\u00f3n principal se conserva la l\u00e1pida de m\u00e1rmol que <strong>recuerda la constituci\u00f3n de 1812.<\/strong><\/p>\n<p style=\"text-align: justify;\">La Casa Consistorial <strong>alberga actualmente<\/strong> oficinas, despachos, sal\u00f3n de plenos y dependencias de la Polic\u00eda Municipal.<\/p>\n<p style=\"text-align: justify;\"><strong>Arquitectura del Interior del Edificio<\/strong><\/p>\n<p style=\"text-align: justify;\"><strong>El interior<\/strong> del edificio ha sido remodelado con el paso de los a\u00f1os, siendo hoy d\u00eda una construcci\u00f3n que ofrece todos los requisitos necesarios en sus labores p\u00fablicas de administraci\u00f3n y gesti\u00f3n. Elementos modernos, como el lucernario del techo que ilumina el vest\u00edbulo y la escalera, se combinan con elementos que pretenden perpetuar las calidades y detalles del edificio original, como la madera de las contraventanas y la forja de algunas rejer\u00edas. Tambi\u00e9n tiene cabida la artesan\u00eda popular y son numerosos los estandartes y pendones bordados que abundan, como decoraci\u00f3n, en las estancias de este Ayuntamiento.<\/p>\n<p style=\"text-align: justify;\">Debemos citar, como zona destacada en el interior, <strong>la escalera imperial<\/strong>, con columnas de m\u00e1rmol de varios colores. En su subida conduce al Sal\u00f3n de Plenos, donde se conserva un \u00f3leo sobre lienzo, el testamento de Isabel la Cat\u00f3lica, copia del original del pintor Rosales que se puede ver en el Museo del Prado de Madrid.<\/p>\n<p style=\"text-align: justify;\"><img decoding=\"async\" class=\"fotoalbum\" title=\"Detalle de la Escalera \" src=\"http:\/\/www.regmurcia.com\/servlet\/integra.servlets.Imagenes?METHOD=VERIMAGEN_38889&amp;nombre=Escalera-del-ayuntamiento-4_res_300.jpg\" alt=\"Detalle de la Escalera \" \/>\u00a0\u00a0\u00a0\u00a0\u00a0\u00a0\u00a0\u00a0\u00a0\u00a0\u00a0\u00a0\u00a0\u00a0\u00a0 <img decoding=\"async\" class=\"fotoalbum\" title=\"Vista desde el Interior \" src=\"http:\/\/www.regmurcia.com\/servlet\/integra.servlets.Imagenes?METHOD=VERIMAGEN_38876&amp;nombre=1-vistas-desde-el-interior-_res_300.jpg\" alt=\"Vista desde el Interior \" \/><\/p>\n<p style=\"text-align: justify;\"><img decoding=\"async\" class=\"fotoalbum\" title=\"Placa Situada en la Fachada \" src=\"http:\/\/www.regmurcia.com\/servlet\/integra.servlets.Imagenes?METHOD=VERIMAGEN_38885&amp;nombre=12-placa-en-fachada-del-ant_res_300.jpg\" alt=\"Placa Situada en la Fachada \" \/>\u00a0\u00a0\u00a0\u00a0\u00a0\u00a0\u00a0\u00a0\u00a0\u00a0\u00a0\u00a0\u00a0\u00a0\u00a0\u00a0 <img decoding=\"async\" class=\"fotoalbum\" title=\"Detalle del Sal\u00f3n de Plenos \" src=\"http:\/\/www.regmurcia.com\/servlet\/integra.servlets.Imagenes?METHOD=VERIMAGEN_38881&amp;nombre=8-detalle-salon-de-plenos_res_300.jpg\" alt=\"Detalle del Sal\u00f3n de Plenos \" \/><\/p>\n<\/div>\n<p>FUENTE: REGMURCIA.COM<\/p>\n","protected":false},"excerpt":{"rendered":"<p>&nbsp; La Casa Consistorial preside la plaza del propio Ayuntamiento, a la que se llega cruzando el arco que se abre en la base de este edificio, integr\u00e1ndose de esta manera tan peculiar en la arquitectura y el trazado urbano. Destaca por su raigambre hist\u00f3rica y est\u00e9tica esta construcci\u00f3n del resto de las zonas adyacentes, [&hellip;]<\/p>\n","protected":false},"author":2,"featured_media":0,"comment_status":"open","ping_status":"open","sticky":false,"template":"","format":"standard","meta":{"footnotes":""},"categories":[2126,1],"tags":[],"class_list":["post-5622","post","type-post","status-publish","format-standard","hentry","category-espanol","category-sin-categoria"],"_links":{"self":[{"href":"https:\/\/www.turismocaravaca.com\/blog\/wp-json\/wp\/v2\/posts\/5622"}],"collection":[{"href":"https:\/\/www.turismocaravaca.com\/blog\/wp-json\/wp\/v2\/posts"}],"about":[{"href":"https:\/\/www.turismocaravaca.com\/blog\/wp-json\/wp\/v2\/types\/post"}],"author":[{"embeddable":true,"href":"https:\/\/www.turismocaravaca.com\/blog\/wp-json\/wp\/v2\/users\/2"}],"replies":[{"embeddable":true,"href":"https:\/\/www.turismocaravaca.com\/blog\/wp-json\/wp\/v2\/comments?post=5622"}],"version-history":[{"count":3,"href":"https:\/\/www.turismocaravaca.com\/blog\/wp-json\/wp\/v2\/posts\/5622\/revisions"}],"predecessor-version":[{"id":5625,"href":"https:\/\/www.turismocaravaca.com\/blog\/wp-json\/wp\/v2\/posts\/5622\/revisions\/5625"}],"wp:attachment":[{"href":"https:\/\/www.turismocaravaca.com\/blog\/wp-json\/wp\/v2\/media?parent=5622"}],"wp:term":[{"taxonomy":"category","embeddable":true,"href":"https:\/\/www.turismocaravaca.com\/blog\/wp-json\/wp\/v2\/categories?post=5622"},{"taxonomy":"post_tag","embeddable":true,"href":"https:\/\/www.turismocaravaca.com\/blog\/wp-json\/wp\/v2\/tags?post=5622"}],"curies":[{"name":"wp","href":"https:\/\/api.w.org\/{rel}","templated":true}]}}