{"id":563,"date":"2012-07-25T07:18:45","date_gmt":"2012-07-25T07:18:45","guid":{"rendered":"http:\/\/turismocaravaca.wordpress.com\/?p=563"},"modified":"2017-09-04T16:38:23","modified_gmt":"2017-09-04T16:38:23","slug":"arriba-el-telon-regresa-a-caravaca-de-la-cruz-la-semana-de-teatro","status":"publish","type":"post","link":"https:\/\/www.turismocaravaca.com\/blog\/arriba-el-telon-regresa-a-caravaca-de-la-cruz-la-semana-de-teatro\/","title":{"rendered":"\u00a1\u00a1\u00a1ARRIBA EL TEL\u00d3N!!! REGRESA A CARAVACA DE LA CRUZ LA SEMANA DE TEATRO"},"content":{"rendered":"<p style=\"text-align:justify;\"><a href=\"http:\/\/localhost:81\/turismo\/blog\/wp-content\/uploads\/2012\/07\/copia-de-cartel-semana-teatro-2012-finalok.jpg\"><img loading=\"lazy\" decoding=\"async\" class=\"alignleft size-thumbnail wp-image-566\" title=\"Copia de CARTEL SEMANA TEATRO 2012-FINALOk\" src=\"http:\/\/localhost:81\/turismo\/blog\/wp-content\/uploads\/2012\/07\/copia-de-cartel-semana-teatro-2012-finalok.jpg?w=111\" alt=\"\" width=\"111\" height=\"150\" srcset=\"https:\/\/www.turismocaravaca.com\/blog\/wp-content\/uploads\/2012\/07\/copia-de-cartel-semana-teatro-2012-finalok.jpg 1190w, https:\/\/www.turismocaravaca.com\/blog\/wp-content\/uploads\/2012\/07\/copia-de-cartel-semana-teatro-2012-finalok-222x300.jpg 222w, https:\/\/www.turismocaravaca.com\/blog\/wp-content\/uploads\/2012\/07\/copia-de-cartel-semana-teatro-2012-finalok-759x1024.jpg 759w\" sizes=\"(max-width: 111px) 100vw, 111px\" \/><\/a>As\u00ed es, un verano m\u00e1s llega el Teatro hasta nuestra localidad, y en esta, su XXXII Edici\u00f3n, contaremos con cinco comedias y adaptaciones cl\u00e1sicas y dos representaciones infantiles.\u00a0\u00a0\u00a0\u00a0\u00a0\u00a0\u00a0\u00a0\u00a0\u00a0\u00a0\u00a0\u00a0\u00a0\u00a0\u00a0\u00a0\u00a0\u00a0\u00a0\u00a0\u00a0\u00a0\u00a0\u00a0\u00a0\u00a0\u00a0<\/p>\n<p style=\"text-align:justify;\"><strong>Del 23 al 29 de julio<\/strong>, en el Teatro Thuillier, pondr\u00e1n en escena diversas compa\u00f1\u00edas las obras: <em>\u201cTres Sombreros de Copa\u201d,<\/em> de Miguel Mihura y representada por la compa\u00f1\u00eda de Teatro Aficionado de Caravaca El Jardinico, <em>\u201cMi hermana es una asesina\u201d,<\/em> dirigida por Eduardo Recabarren e interpretada por Sonia Javaga y Araceli \u00c1lvarez, <em>\u201cCabar\u00e9 de caricia y puntapi\u00e9\u201d,<\/em> dirigida por Alberto Castrillo-Ferrer con Carmen Barrantes y Jorge Us\u00f3n, <em>\u201cBailando con lobas\u201d, <\/em>de Juan Montoso Lara,<em>\u201cLa Vida es Sue\u00f1o\u201d,<\/em> de Calder\u00f3n de la Barca, y las infantiles: <em>\u201cM\u00e1gicus\u201d,<\/em> con La Murga Teatro, y <em>\u201cLa Mar de Piratas\u201d, <\/em>con la compa\u00f1\u00eda Allav\u00e1.\u00a0<\/p>\n<p>\u00a0<strong>Toma buena nota:<\/strong>\u00a0<\/p>\n<p><a href=\"http:\/\/localhost:81\/turismo\/blog\/wp-content\/uploads\/2012\/07\/dc3adptico-semana-de-teatro-2012-2.jpg\"><img loading=\"lazy\" decoding=\"async\" class=\"wp-image-568 alignnone\" title=\"D\u00cdPTICO SEMANA DE TEATRO 2012-2\" src=\"http:\/\/localhost:81\/turismo\/blog\/wp-content\/uploads\/2012\/07\/dc3adptico-semana-de-teatro-2012-2.jpg?w=1024\" alt=\"\" width=\"496\" height=\"378\" \/><\/a><\/p>\n<p style=\"text-align:justify;\">Puedes comprar tus entradas anticipadamente con descuento en Nueva Joyer\u00eda de Caravaca, en C\/ Mayor, o bien el d\u00eda de las obras en la taquilla del Teatro.<\/p>\n<p style=\"text-align:justify;\"><img loading=\"lazy\" decoding=\"async\" title=\"Thuillier-1\" src=\"http:\/\/localhost:81\/turismo\/blog\/wp-content\/uploads\/2012\/07\/thuillier-1.jpg?w=150\" alt=\"\" width=\"99\" height=\"89\" \/>Ya tienes toda la informaci\u00f3n, solo me queda por decirte: <strong>\u00a1\u00a1\u00a1No faltes!!! Pasa buenos momentos disfrutando de estas obras porque al fin y al cabo la vida es, entre otras cosas, Teatro\u2026Puro Teatro\u2026<\/strong><\/p>\n","protected":false},"excerpt":{"rendered":"<p>As\u00ed es, un verano m\u00e1s llega el Teatro hasta nuestra localidad, y en esta, su XXXII Edici\u00f3n, contaremos con cinco comedias y adaptaciones cl\u00e1sicas y dos representaciones infantiles.\u00a0\u00a0\u00a0\u00a0\u00a0\u00a0\u00a0\u00a0\u00a0\u00a0\u00a0\u00a0\u00a0\u00a0\u00a0\u00a0\u00a0\u00a0\u00a0\u00a0\u00a0\u00a0\u00a0\u00a0\u00a0\u00a0\u00a0\u00a0 Del 23 al 29 de julio, en el Teatro Thuillier, pondr\u00e1n en escena diversas compa\u00f1\u00edas las obras: \u201cTres Sombreros de Copa\u201d, de Miguel Mihura y representada por [&hellip;]<\/p>\n","protected":false},"author":2,"featured_media":0,"comment_status":"open","ping_status":"open","sticky":false,"template":"","format":"standard","meta":{"footnotes":""},"categories":[3,2126,34],"tags":[356,1902,1935],"class_list":["post-563","post","type-post","status-publish","format-standard","hentry","category-actividades","category-espanol","category-uncategorized","tag-caravaca","tag-teatro","tag-thuillier"],"_links":{"self":[{"href":"https:\/\/www.turismocaravaca.com\/blog\/wp-json\/wp\/v2\/posts\/563"}],"collection":[{"href":"https:\/\/www.turismocaravaca.com\/blog\/wp-json\/wp\/v2\/posts"}],"about":[{"href":"https:\/\/www.turismocaravaca.com\/blog\/wp-json\/wp\/v2\/types\/post"}],"author":[{"embeddable":true,"href":"https:\/\/www.turismocaravaca.com\/blog\/wp-json\/wp\/v2\/users\/2"}],"replies":[{"embeddable":true,"href":"https:\/\/www.turismocaravaca.com\/blog\/wp-json\/wp\/v2\/comments?post=563"}],"version-history":[{"count":1,"href":"https:\/\/www.turismocaravaca.com\/blog\/wp-json\/wp\/v2\/posts\/563\/revisions"}],"predecessor-version":[{"id":6236,"href":"https:\/\/www.turismocaravaca.com\/blog\/wp-json\/wp\/v2\/posts\/563\/revisions\/6236"}],"wp:attachment":[{"href":"https:\/\/www.turismocaravaca.com\/blog\/wp-json\/wp\/v2\/media?parent=563"}],"wp:term":[{"taxonomy":"category","embeddable":true,"href":"https:\/\/www.turismocaravaca.com\/blog\/wp-json\/wp\/v2\/categories?post=563"},{"taxonomy":"post_tag","embeddable":true,"href":"https:\/\/www.turismocaravaca.com\/blog\/wp-json\/wp\/v2\/tags?post=563"}],"curies":[{"name":"wp","href":"https:\/\/api.w.org\/{rel}","templated":true}]}}