{"id":5747,"date":"2017-01-05T12:41:34","date_gmt":"2017-01-05T12:41:34","guid":{"rendered":"http:\/\/www.turismocaravaca.com\/blog\/?p=5747"},"modified":"2017-09-04T16:49:12","modified_gmt":"2017-09-04T16:49:12","slug":"apertura-del-ano-jubilar-2017-en-caravaca-de-la-cruz-el-proximo-domingo-8-de-enero","status":"publish","type":"post","link":"https:\/\/www.turismocaravaca.com\/blog\/apertura-del-ano-jubilar-2017-en-caravaca-de-la-cruz-el-proximo-domingo-8-de-enero\/","title":{"rendered":"Apertura del A\u00f1o Jubilar 2017 en Caravaca de la Cruz el pr\u00f3ximo domingo 8 de enero."},"content":{"rendered":"<h2>Los operarios municipales preparan las calles del camino hacia la Bas\u00edlica\u2013Santuario en las horas previas al inicio del Jubileo.<\/h2>\n<p><a href=\"https:\/\/www.turismocaravaca.com\/blog\/wp-content\/uploads\/2017\/01\/operarios.jpg\"><img loading=\"lazy\" decoding=\"async\" class=\"aligncenter size-full wp-image-5748\" src=\"https:\/\/www.turismocaravaca.com\/blog\/wp-content\/uploads\/2017\/01\/operarios.jpg\" alt=\"operarios\" width=\"522\" height=\"229\" srcset=\"https:\/\/www.turismocaravaca.com\/blog\/wp-content\/uploads\/2017\/01\/operarios.jpg 522w, https:\/\/www.turismocaravaca.com\/blog\/wp-content\/uploads\/2017\/01\/operarios-300x132.jpg 300w\" sizes=\"(max-width: 522px) 100vw, 522px\" \/><\/a>\u00a0\u00a0\u00a0\u00a0\u00a0\u00a0\u00a0\u00a0\u00a0\u00a0\u00a0\u00a0\u00a0\u00a0\u00a0\u00a0\u00a0\u00a0\u00a0\u00a0\u00a0\u00a0\u00a0\u00a0\u00a0\u00a0\u00a0\u00a0\u00a0\u00a0\u00a0\u00a0\u00a0\u00a0\u00a0\u00a0\u00a0\u00a0\u00a0\u00a0\u00a0\u00a0\u00a0\u00a0\u00a0 Operarios abrillantando el suelo del Santuario. Foto: Enrique Soler<\/p>\n<p style=\"text-align: justify;\">Caravaca de la Cruz calienta motores para el inicio de su A\u00f1o Jubilar. Mientras en las calles del municipio los operarios del Consistorio se afanan para engalanar el camino hacia la Bas\u00edlica-Santuario, es precisamente all\u00ed donde m\u00e1s estr\u00e9s se est\u00e1 viviendo en las horas previas al inicio del Jubilar 2017.<\/p>\n<p style=\"text-align: justify;\">Operarios de limpieza est\u00e1n abrillantando el suelo de la iglesia, mientras en la sacrist\u00eda se preparan los \u00faltimos detalles para la celebraci\u00f3n religiosa. En la almena superior de la puerta de la fortaleza, ya luce el farol que el pr\u00f3ximo d\u00eda 8 de enero prender\u00e1 la Luz Jubilar que indicar\u00e1 el camino a todos los peregrinos que lleguen a la Ciudad Santa del Noroeste murciano.<\/p>\n<p style=\"text-align: justify;\">La misa, a las diez y media.<\/p>\n<p><iframe loading=\"lazy\" width=\"768\" height=\"432\" src=\"https:\/\/www.youtube.com\/embed\/oiBA8cMUo3M?feature=oembed\" frameborder=\"0\" allowfullscreen><\/iframe><\/p>\n<p style=\"text-align: justify;\">La celebraci\u00f3n religiosa comenzar\u00e1 a las 10.30 de la ma\u00f1ana y estar\u00e1 presidida por el vicario general de Roma, Agostino Vallini, junto al prelado de la Di\u00f3cesis de Cartagena, Jos\u00e9 Manuel Lorca Planes. Tambi\u00e9n se espera la asistencia de obispos de varias di\u00f3cesis de la Conferencia Episcopal, representantes del clero de la Regi\u00f3n, as\u00ed como la asistencia de los tres seminarios murcianos: Mayor de San Fulgencio, Menor de San Jos\u00e9 y Redemptoris Mater del Camino Neocatecumenal.<\/p>\n<p style=\"text-align: justify;\">En cuanto a la representaci\u00f3n pol\u00edtica se ha cursado invitaci\u00f3n a todo el Gobierno regional, as\u00ed como a los diputados en la Asamblea Regional. Tambi\u00e9n se espera la asistencia de los diputados murcianos en el Congreso de los Diputados y Senado, y alcaldes de los municipios de la Regi\u00f3n de Murcia.<\/p>\n<p style=\"text-align: justify;\">Por la recepci\u00f3n, que est\u00e1 prevista en la explanada de la Bas\u00edlica, se espera que pasen representantes de los distintos acuartelamientos de la Regi\u00f3n, as\u00ed como la Delegaci\u00f3n del Gobierno en representaci\u00f3n del Gobierno central.<\/p>\n<p style=\"text-align: justify;\">Despu\u00e9s de la celebraci\u00f3n, se realizar\u00e1 una comida en los Salones Castillo de la Cruz.<\/p>\n<p style=\"text-align: justify;\">La eucarist\u00eda ser\u00e1 retransmitida por el canal auton\u00f3mico en directo.<\/p>\n<p><strong>Fuente: La opini\u00f3n de Murcia<\/strong><\/p>\n","protected":false},"excerpt":{"rendered":"<p>Los operarios municipales preparan las calles del camino hacia la Bas\u00edlica\u2013Santuario en las horas previas al inicio del Jubileo. \u00a0\u00a0\u00a0\u00a0\u00a0\u00a0\u00a0\u00a0\u00a0\u00a0\u00a0\u00a0\u00a0\u00a0\u00a0\u00a0\u00a0\u00a0\u00a0\u00a0\u00a0\u00a0\u00a0\u00a0\u00a0\u00a0\u00a0\u00a0\u00a0\u00a0\u00a0\u00a0\u00a0\u00a0\u00a0\u00a0\u00a0\u00a0\u00a0\u00a0\u00a0\u00a0\u00a0\u00a0\u00a0 Operarios abrillantando el suelo del Santuario. Foto: Enrique Soler Caravaca de la Cruz calienta motores para el inicio de su A\u00f1o Jubilar. Mientras en las calles del municipio los operarios del Consistorio se afanan para [&hellip;]<\/p>\n","protected":false},"author":2,"featured_media":0,"comment_status":"open","ping_status":"open","sticky":false,"template":"","format":"standard","meta":{"footnotes":""},"categories":[2126,1],"tags":[],"class_list":["post-5747","post","type-post","status-publish","format-standard","hentry","category-espanol","category-sin-categoria"],"_links":{"self":[{"href":"https:\/\/www.turismocaravaca.com\/blog\/wp-json\/wp\/v2\/posts\/5747"}],"collection":[{"href":"https:\/\/www.turismocaravaca.com\/blog\/wp-json\/wp\/v2\/posts"}],"about":[{"href":"https:\/\/www.turismocaravaca.com\/blog\/wp-json\/wp\/v2\/types\/post"}],"author":[{"embeddable":true,"href":"https:\/\/www.turismocaravaca.com\/blog\/wp-json\/wp\/v2\/users\/2"}],"replies":[{"embeddable":true,"href":"https:\/\/www.turismocaravaca.com\/blog\/wp-json\/wp\/v2\/comments?post=5747"}],"version-history":[{"count":2,"href":"https:\/\/www.turismocaravaca.com\/blog\/wp-json\/wp\/v2\/posts\/5747\/revisions"}],"predecessor-version":[{"id":5750,"href":"https:\/\/www.turismocaravaca.com\/blog\/wp-json\/wp\/v2\/posts\/5747\/revisions\/5750"}],"wp:attachment":[{"href":"https:\/\/www.turismocaravaca.com\/blog\/wp-json\/wp\/v2\/media?parent=5747"}],"wp:term":[{"taxonomy":"category","embeddable":true,"href":"https:\/\/www.turismocaravaca.com\/blog\/wp-json\/wp\/v2\/categories?post=5747"},{"taxonomy":"post_tag","embeddable":true,"href":"https:\/\/www.turismocaravaca.com\/blog\/wp-json\/wp\/v2\/tags?post=5747"}],"curies":[{"name":"wp","href":"https:\/\/api.w.org\/{rel}","templated":true}]}}