{"id":5756,"date":"2017-01-24T12:20:03","date_gmt":"2017-01-24T12:20:03","guid":{"rendered":"http:\/\/www.turismocaravaca.com\/blog\/?p=5756"},"modified":"2017-09-04T16:49:12","modified_gmt":"2017-09-04T16:49:12","slug":"caravaca-mejora-en-fitur-su-posicionamiento-como-destino-de-turismo-religioso","status":"publish","type":"post","link":"https:\/\/www.turismocaravaca.com\/blog\/caravaca-mejora-en-fitur-su-posicionamiento-como-destino-de-turismo-religioso\/","title":{"rendered":"Caravaca mejora en FITUR su posicionamiento como destino de turismo religioso"},"content":{"rendered":"<h3 class=\"cuerpo\"><strong>La Concejal\u00eda de Turismo destaca el apoyo al A\u00f1o Jubilar 2017 y la gran afluencia de visitantes al stand compartido con los ayuntamientos de Ceheg\u00edn y Calasparra<\/strong>.<\/h3>\n<p><b>Durante la feria se han mantenido m\u00e1s de veinte reuniones con profesionales del sector y agencias especializadas en turismo religioso<\/b>.<\/p>\n<p><a href=\"https:\/\/www.turismocaravaca.com\/blog\/wp-content\/uploads\/2017\/01\/fitur3.jpg\"><img loading=\"lazy\" decoding=\"async\" class=\"aligncenter size-full wp-image-5757\" src=\"https:\/\/www.turismocaravaca.com\/blog\/wp-content\/uploads\/2017\/01\/fitur3.jpg\" alt=\"fitur3\" width=\"640\" height=\"360\" srcset=\"https:\/\/www.turismocaravaca.com\/blog\/wp-content\/uploads\/2017\/01\/fitur3.jpg 640w, https:\/\/www.turismocaravaca.com\/blog\/wp-content\/uploads\/2017\/01\/fitur3-300x169.jpg 300w\" sizes=\"(max-width: 640px) 100vw, 640px\" \/><\/a><\/p>\n<p style=\"text-align: justify;\">La Concejal\u00eda de Turismo del Consistorio caravaque\u00f1o ha realizado una valoraci\u00f3n muy satisfactoria de la presencia de Caravaca de la Cruz en la 37 edici\u00f3n Feria Internacional de Turismo de Madrid (FITUR), que cerr\u00f3 sus puertas ayer con un balance de m\u00e1s de 245.000 visitantes, entre profesionales del sector y p\u00fablico en general.<\/p>\n<p style=\"text-align: justify;\">La concejala que dirige el \u00e1rea municipal de Turismo, Gloria G\u00f3mez, se ha referido a la gran afluencia de visitantes registrada, a lo largo de cuatro d\u00edas, en el stand compartido con los ayuntamientos de Ceheg\u00edn y Calasparra, donde se han celebrado presentaciones de los recursos tur\u00edsticos de la Comarca del Noroeste, junto a degustaciones y sorteos de los productos gastron\u00f3micos m\u00e1s representativos de la zona -como las yemas de Caravaca de la Cruz, los Pa\u00f1uelos de Santa Teresa, alfajor y frutos secos y migas de Navares- y del &#8216;Caf\u00e9 del Camino&#8217;, lanzado al mercado por la empresa murciana Salzillo tea and coffee.<\/p>\n<p style=\"text-align: justify;\"><a href=\"https:\/\/www.turismocaravaca.com\/blog\/wp-content\/uploads\/2017\/01\/fitur2.jpg\"><img loading=\"lazy\" decoding=\"async\" class=\"aligncenter size-full wp-image-5758\" src=\"https:\/\/www.turismocaravaca.com\/blog\/wp-content\/uploads\/2017\/01\/fitur2.jpg\" alt=\"fitur2\" width=\"640\" height=\"383\" srcset=\"https:\/\/www.turismocaravaca.com\/blog\/wp-content\/uploads\/2017\/01\/fitur2.jpg 640w, https:\/\/www.turismocaravaca.com\/blog\/wp-content\/uploads\/2017\/01\/fitur2-300x180.jpg 300w\" sizes=\"(max-width: 640px) 100vw, 640px\" \/><\/a><\/p>\n<p style=\"text-align: justify;\">\u00abMenci\u00f3n especial merece -seg\u00fan ha destacado la edil Gloria G\u00f3mez- la presencia de los Reyes el d\u00eda de la inauguraci\u00f3n y la promoci\u00f3n desplegada durante la jornada del jueves, cuando se present\u00f3 el &#8216;Camino de la Cruz&#8217; en el stand en la Comunidad Aut\u00f3noma y, posteriormente, el A\u00f1o Jubilar 2017 en el espacio del Noroeste, actos que estuvieron arropados por una nutrida representaci\u00f3n de la sociedad murciana y que se siguieron con mucho inter\u00e9s tanto por los medios de comunicaci\u00f3n como por los profesionales del sector tur\u00edstico desplazados a Fitur\u00bb.<\/p>\n<p style=\"text-align: justify;\">La Concejal\u00eda de Turismo aprovech\u00f3 la 37 edici\u00f3n de la Feria Internacional de Turismo de Madrid (FITUR) para promocionar el municipio como destino permanente de peregrinaci\u00f3n. Para ello, se mantuvieron una veintena de encuentros profesionales con touroperadores, medios de comunicaci\u00f3n y agencias de viaje especializadas en turismo religioso. La agencia de viajes online &#8216;Atr\u00e1palo&#8217;, Viajes y Peregrinaciones Itinera Tours, Alta Viajes, la revista Viajar o Espa\u00f1a Visi\u00f3n son algunas de las compa\u00f1\u00edas que se han interesado por el producto tur\u00edstico de Caravaca de la Cruz.<\/p>\n<p>&nbsp;<\/p>\n<p style=\"text-align: justify;\"><a href=\"https:\/\/www.turismocaravaca.com\/blog\/wp-content\/uploads\/2017\/01\/fitur-1.jpg\"><img loading=\"lazy\" decoding=\"async\" class=\"aligncenter size-full wp-image-5759\" src=\"https:\/\/www.turismocaravaca.com\/blog\/wp-content\/uploads\/2017\/01\/fitur-1.jpg\" alt=\"fitur 1\" width=\"640\" height=\"393\" srcset=\"https:\/\/www.turismocaravaca.com\/blog\/wp-content\/uploads\/2017\/01\/fitur-1.jpg 640w, https:\/\/www.turismocaravaca.com\/blog\/wp-content\/uploads\/2017\/01\/fitur-1-300x184.jpg 300w\" sizes=\"(max-width: 640px) 100vw, 640px\" \/><\/a><\/p>\n<p style=\"text-align: justify;\">La 37 edici\u00f3n de Fitur tambi\u00e9n sirvi\u00f3 de punto de encuentro para el grupo de &#8216;Ciudades Teresianas&#8217;, que integran la ruta tur\u00edstica y cultural &#8216;Huellas de Teresa&#8217;. Los representantes de los 17 destinos, entre los que figura Caravaca de la Cruz, se reunieron en el stand de Turespa\u00f1a con su director general, Manuel Butler, para planificar nuevas acciones de promoci\u00f3n. La concejal de Turismo caravaque\u00f1a aprovech\u00f3 este encuentro para plantear una peregrinaci\u00f3n de todas las ciudades donde Santa Teresa tuvo fundaciones con motivo del A\u00f1o Jubilar 2017.<\/p>\n<p style=\"text-align: justify;\">A lo largo del 2017, Huellas estar\u00e1 presente en mercados como Alemania, Irlanda, Polonia, Reino Unido, Italia, B\u00e9lgica, Argentina, entre otros.<\/p>\n<p><iframe loading=\"lazy\" width=\"768\" height=\"432\" src=\"https:\/\/www.youtube.com\/embed\/d-8eS-EBZj8?feature=oembed\" frameborder=\"0\" allowfullscreen><\/iframe><\/p>\n<p><strong>Fuente: Ayto de Caravaca de la Cruz<\/strong><\/p>\n","protected":false},"excerpt":{"rendered":"<p>La Concejal\u00eda de Turismo destaca el apoyo al A\u00f1o Jubilar 2017 y la gran afluencia de visitantes al stand compartido con los ayuntamientos de Ceheg\u00edn y Calasparra. Durante la feria se han mantenido m\u00e1s de veinte reuniones con profesionales del sector y agencias especializadas en turismo religioso. La Concejal\u00eda de Turismo del Consistorio caravaque\u00f1o ha [&hellip;]<\/p>\n","protected":false},"author":2,"featured_media":0,"comment_status":"open","ping_status":"open","sticky":false,"template":"","format":"standard","meta":{"footnotes":""},"categories":[2126,1],"tags":[],"class_list":["post-5756","post","type-post","status-publish","format-standard","hentry","category-espanol","category-sin-categoria"],"_links":{"self":[{"href":"https:\/\/www.turismocaravaca.com\/blog\/wp-json\/wp\/v2\/posts\/5756"}],"collection":[{"href":"https:\/\/www.turismocaravaca.com\/blog\/wp-json\/wp\/v2\/posts"}],"about":[{"href":"https:\/\/www.turismocaravaca.com\/blog\/wp-json\/wp\/v2\/types\/post"}],"author":[{"embeddable":true,"href":"https:\/\/www.turismocaravaca.com\/blog\/wp-json\/wp\/v2\/users\/2"}],"replies":[{"embeddable":true,"href":"https:\/\/www.turismocaravaca.com\/blog\/wp-json\/wp\/v2\/comments?post=5756"}],"version-history":[{"count":2,"href":"https:\/\/www.turismocaravaca.com\/blog\/wp-json\/wp\/v2\/posts\/5756\/revisions"}],"predecessor-version":[{"id":5761,"href":"https:\/\/www.turismocaravaca.com\/blog\/wp-json\/wp\/v2\/posts\/5756\/revisions\/5761"}],"wp:attachment":[{"href":"https:\/\/www.turismocaravaca.com\/blog\/wp-json\/wp\/v2\/media?parent=5756"}],"wp:term":[{"taxonomy":"category","embeddable":true,"href":"https:\/\/www.turismocaravaca.com\/blog\/wp-json\/wp\/v2\/categories?post=5756"},{"taxonomy":"post_tag","embeddable":true,"href":"https:\/\/www.turismocaravaca.com\/blog\/wp-json\/wp\/v2\/tags?post=5756"}],"curies":[{"name":"wp","href":"https:\/\/api.w.org\/{rel}","templated":true}]}}