{"id":5776,"date":"2017-02-20T11:55:41","date_gmt":"2017-02-20T11:55:41","guid":{"rendered":"http:\/\/www.turismocaravaca.com\/blog\/?p=5776"},"modified":"2017-09-04T16:49:12","modified_gmt":"2017-09-04T16:49:12","slug":"salzillo-y-caravaca-de-la-cruz-el-escultor-del-mayor-credito-de-estos-reynos","status":"publish","type":"post","link":"https:\/\/www.turismocaravaca.com\/blog\/salzillo-y-caravaca-de-la-cruz-el-escultor-del-mayor-credito-de-estos-reynos\/","title":{"rendered":"Salzillo y Caravaca de la Cruz. El escultor del mayor cr\u00e9dito de estos Reynos"},"content":{"rendered":"<h4 class=\"tribe-events-single-event-title mg-top-60 fs-25 heading-color mg-bottom-20\">Con motivo del A\u00f1o Jubilar de Caravaca de la Cruz, la Fundaci\u00f3n Cajamurcia organiza la exposici\u00f3n conmemorativa <em>Salzillo y Caravaca de la Cruz. El escultor del mayor cr\u00e9dito de estos Reynos<\/em>, que se celebrar\u00e1, del 20 de febrero al 28 mayo de 2017, en la antigua Iglesia de la Compa\u00f1\u00eda de Jes\u00fas de la citada ciudad. El proyecto expositivo cuenta con la colaboraci\u00f3n de la Comunidad Aut\u00f3noma de la Regi\u00f3n de Murcia, a trav\u00e9s de la Consejer\u00eda de Cultura y Portavoc\u00eda, el Obispado de la Di\u00f3cesis de Cartagena, el Ayuntamiento de Caravaca de la Cruz y la Fundaci\u00f3n Camino de la Cruz de Caravaca.<\/h4>\n<p>&nbsp;<\/p>\n<p><a href=\"https:\/\/www.turismocaravaca.com\/blog\/wp-content\/uploads\/2017\/02\/Web.jpg\"><img loading=\"lazy\" decoding=\"async\" class=\"aligncenter size-full wp-image-5778\" src=\"https:\/\/www.turismocaravaca.com\/blog\/wp-content\/uploads\/2017\/02\/Web.jpg\" alt=\"Web\" width=\"760\" height=\"393\" srcset=\"https:\/\/www.turismocaravaca.com\/blog\/wp-content\/uploads\/2017\/02\/Web.jpg 760w, https:\/\/www.turismocaravaca.com\/blog\/wp-content\/uploads\/2017\/02\/Web-300x155.jpg 300w\" sizes=\"(max-width: 760px) 100vw, 760px\" \/><\/a><\/p>\n<p>La exposici\u00f3n est\u00e1 comisariada por Crist\u00f3bal Belda, catedr\u00e1tico de Historia del Arte de la Universidad de Murcia y director del \u2018Proyecto Huellas\u2019 de la Fundaci\u00f3n Cajamurcia, e Indalecio Pozo, director del Museo de la Vera Cruz y del Museo de la Fiesta en Caravaca.<\/p>\n<p>La muestra es una confirmaci\u00f3n de que \u201cSalzillo cre\u00f3 escuela\u201d, una escuela que tuvo dos grandes \u2018sedes\u2019: Murcia, con su conocido disc\u00edpulo Roque L\u00f3pez, y Caravaca, con otro de sus alumnos m\u00e1s aventajados, Jos\u00e9 L\u00f3pez. La exposici\u00f3n pone de relieve esta \u00faltima escuela, la de Caravaca, as\u00ed como el perfil biogr\u00e1fico de los grandes escultores de dicha ciudad coet\u00e1neos de Salzillo. Adem\u00e1s, viene a demostrar que el esp\u00edritu de Salzillo llega hasta mediados del siglo XIX.<\/p>\n<p>A trav\u00e9s de las obras expuestas se podr\u00e1 apreciar la relaci\u00f3n que el taller de Salzillo mantuvo con Caravaca, donde se cre\u00f3 una escuela con personalidad propia cuyo representante m\u00e1s importante fue Jos\u00e9 L\u00f3pez, disc\u00edpulo directo del propio escultor murciano, precedido por su padre, Gin\u00e9s L\u00f3pez P\u00e9rez (disc\u00edpulo de Nicol\u00e1s Salzillo y embri\u00f3n de la escuela). Seguir\u00e1n la estela Marcos Laborda (continuador de Jos\u00e9 L\u00f3pez) y Francisco Fern\u00e1ndez Caro, quien cerr\u00f3 este c\u00edrculo escult\u00f3rico caravaque\u00f1o y quien se form\u00f3 en la Real Academia de Bellas Artes de San Fernando y llevar\u00eda los ecos del maestro hasta mediados del siglo XIX.<\/p>\n<p>Todos estos artistas, cuya obra se exhibir\u00e1 en la exposici\u00f3n, son naturales de Caravaca, n\u00facleo dinamizador de la escultura del siglo XVIII donde desarrollaron su actividad y expandieron su arte por la encomienda de la orden de Santiago, que en aquella \u00e9poca llegaba a Andaluc\u00eda Oriental, zonas de La Mancha, Lorca y \u00c1guilas.<\/p>\n<p><strong><span style=\"color: #d00023;\">M\u00e1s de 50 piezas, principalmente esculturas<\/span><\/strong><\/p>\n<p>La gran novedad de esta muestra es, seg\u00fan explica Belda, que se basa en una serie de descubrimientos documentales que han cambiado las atribuciones de las grandes esculturas existentes en Caravaca.<\/p>\n<p>La exposici\u00f3n est\u00e1 compuesta por m\u00e1s de 50 piezas, algunas de ellas restauradas para la ocasi\u00f3n, principalmente esculturas, pero tambi\u00e9n pinturas, tejidos, planos, mapas, libros y diversos objetos como vasos sagrados. Las obras proceden de museos, iglesias, conventos y colecciones privadas de toda la Regi\u00f3n de Murcia.<\/p>\n<p>Junto al propio Salzillo, los autores m\u00e1s significativos cuyas creaciones estar\u00e1n presentes son los ya citados escultores de su escuela de Caravaca: Gin\u00e9s L\u00f3pez P\u00e9rez, Jos\u00e9 L\u00f3pez, Marcos Laborda y Francisco Fern\u00e1ndez Caro.<\/p>\n<p><strong><span style=\"color: #d00023;\">Continuidad del \u2018Proyecto Huellas\u2019<\/span><\/strong><\/p>\n<p>El presidente de la Fundaci\u00f3n Cajamurcia, Carlos Egea, destaca que la exposici\u00f3n <em>Salzillo y Caravaca de la Cruz<\/em> viene a dar continuidad a una iniciativa que la Fundaci\u00f3n Cajamurcia puso en marcha en el a\u00f1o 2003, el Proyecto Huellas: \u201cun ambicioso proyecto de recuperaci\u00f3n y puesta en valor del patrimonio hist\u00f3rico de la Regi\u00f3n de Murcia que nuestra entidad inici\u00f3 tras el \u00e9xito de la gran exposici\u00f3n del mismo nombre, Huellas, que ayud\u00f3 a que los murcianos valor\u00e1semos y apreci\u00e1semos en su justa medida el rico patrimonio hist\u00f3rico-art\u00edstico que poseemos\u201d, puntualiza.<\/p>\n<p>El Proyecto Huellas incluye numerosas exposiciones (<em>Salzillo, testigo de un siglo, Floridablanca, la utop\u00eda reformadora, Moradas de grandeza, San Isidoro, doctor Hispaniae o La Ciudad en lo alto<\/em>), as\u00ed como diversos trabajos de investigaci\u00f3n, publicaciones de libros, monograf\u00edas, conferencias y otras acciones que ahondan en el conocimiento de nuestra historia a trav\u00e9s del patrimonio hist\u00f3rico-art\u00edstico.<\/p>\n<p><strong>Horario: <\/strong>Martes a s\u00e1bado, 10 a 14 h. y 17 a 19 h. Domingos y festivos, 10 a 14 h.<\/p>\n<p>La exposici\u00f3n permanecer\u00e1 <strong>cerrada: <\/strong>Jueves y viernes Santo (13 y 14 abril) Del lunes 1 al viernes 5 de mayo<\/p>\n<p>El horario para las <strong>visitas guiadas<\/strong> (previa reserva) : 10,30 h. \/ 12,30 h. y\u00a0 17, 30 h. Tel\u00e9fono de reserva: 868 17 51 88 M\u00e1ximo 20 personas<\/p>\n<p style=\"text-align: center;\">\n<p style=\"text-align: center;\"><strong>Colaboran: <\/strong>Comunidad Aut\u00f3noma de la Regi\u00f3n de Murcia (Consejer\u00eda de Cultura y Portavoc\u00eda), Obispado de la Di\u00f3cesis de Cartagena, Ayuntamiento de Caravaca de la Cruz y Fundaci\u00f3n Camino de la Cruz de Caravaca<\/p>\n<p>&nbsp;<\/p>\n<p>Fuente: FUNDACI\u00d3N CAJAMURCIA<\/p>\n","protected":false},"excerpt":{"rendered":"<p>Con motivo del A\u00f1o Jubilar de Caravaca de la Cruz, la Fundaci\u00f3n Cajamurcia organiza la exposici\u00f3n conmemorativa Salzillo y Caravaca de la Cruz. El escultor del mayor cr\u00e9dito de estos Reynos, que se celebrar\u00e1, del 20 de febrero al 28 mayo de 2017, en la antigua Iglesia de la Compa\u00f1\u00eda de Jes\u00fas de la citada [&hellip;]<\/p>\n","protected":false},"author":2,"featured_media":0,"comment_status":"open","ping_status":"open","sticky":false,"template":"","format":"standard","meta":{"footnotes":""},"categories":[2126,1],"tags":[],"class_list":["post-5776","post","type-post","status-publish","format-standard","hentry","category-espanol","category-sin-categoria"],"_links":{"self":[{"href":"https:\/\/www.turismocaravaca.com\/blog\/wp-json\/wp\/v2\/posts\/5776"}],"collection":[{"href":"https:\/\/www.turismocaravaca.com\/blog\/wp-json\/wp\/v2\/posts"}],"about":[{"href":"https:\/\/www.turismocaravaca.com\/blog\/wp-json\/wp\/v2\/types\/post"}],"author":[{"embeddable":true,"href":"https:\/\/www.turismocaravaca.com\/blog\/wp-json\/wp\/v2\/users\/2"}],"replies":[{"embeddable":true,"href":"https:\/\/www.turismocaravaca.com\/blog\/wp-json\/wp\/v2\/comments?post=5776"}],"version-history":[{"count":4,"href":"https:\/\/www.turismocaravaca.com\/blog\/wp-json\/wp\/v2\/posts\/5776\/revisions"}],"predecessor-version":[{"id":5781,"href":"https:\/\/www.turismocaravaca.com\/blog\/wp-json\/wp\/v2\/posts\/5776\/revisions\/5781"}],"wp:attachment":[{"href":"https:\/\/www.turismocaravaca.com\/blog\/wp-json\/wp\/v2\/media?parent=5776"}],"wp:term":[{"taxonomy":"category","embeddable":true,"href":"https:\/\/www.turismocaravaca.com\/blog\/wp-json\/wp\/v2\/categories?post=5776"},{"taxonomy":"post_tag","embeddable":true,"href":"https:\/\/www.turismocaravaca.com\/blog\/wp-json\/wp\/v2\/tags?post=5776"}],"curies":[{"name":"wp","href":"https:\/\/api.w.org\/{rel}","templated":true}]}}