{"id":5787,"date":"2017-03-07T17:32:17","date_gmt":"2017-03-07T17:32:17","guid":{"rendered":"http:\/\/www.turismocaravaca.com\/blog\/?p=5787"},"modified":"2017-09-04T16:49:12","modified_gmt":"2017-09-04T16:49:12","slug":"quieres-peregrinar-a-caravaca-de-la-cruz-todo-lo-que-debes-saber","status":"publish","type":"post","link":"https:\/\/www.turismocaravaca.com\/blog\/quieres-peregrinar-a-caravaca-de-la-cruz-todo-lo-que-debes-saber\/","title":{"rendered":"\u00bfQuieres peregrinar a Caravaca de la Cruz? Todo lo que debes saber."},"content":{"rendered":"<p><a href=\"https:\/\/www.turismocaravaca.com\/blog\/wp-content\/uploads\/2017\/03\/Cartel-2-A\u00f1o-Jubilar-29x63-BAJA.jpg\"><img loading=\"lazy\" decoding=\"async\" class=\"aligncenter wp-image-5788\" src=\"https:\/\/www.turismocaravaca.com\/blog\/wp-content\/uploads\/2017\/03\/Cartel-2-A\u00f1o-Jubilar-29x63-BAJA-477x1024.jpg\" alt=\"Cartel 2 A\u00f1o Jubilar 29x63 BAJA\" width=\"368\" height=\"790\" srcset=\"https:\/\/www.turismocaravaca.com\/blog\/wp-content\/uploads\/2017\/03\/Cartel-2-A\u00f1o-Jubilar-29x63-BAJA-477x1024.jpg 477w, https:\/\/www.turismocaravaca.com\/blog\/wp-content\/uploads\/2017\/03\/Cartel-2-A\u00f1o-Jubilar-29x63-BAJA-140x300.jpg 140w, https:\/\/www.turismocaravaca.com\/blog\/wp-content\/uploads\/2017\/03\/Cartel-2-A\u00f1o-Jubilar-29x63-BAJA.jpg 698w\" sizes=\"(max-width: 368px) 100vw, 368px\" \/><\/a><\/p>\n<p style=\"text-align: justify;\">El d\u00eda 9 de enero de 1998, la Santa Sede concedi\u00f3 en torno a la devoci\u00f3n a la Vera Cruz la celebraci\u00f3n de un A\u00f1o Jubilar a Perpetuidad. Entre las causas que motivaron esta concesi\u00f3n cabe destacar un hecho religioso, cuya trascendencia se remonta a\u00f1os atr\u00e1s en la historia de Espa\u00f1a, de la Regi\u00f3n de Murcia y de esta ciudad: la presencia de la Stma. y Vera Cruz en estas tierras desde el siglo XIII, cuyo origen oriental es harto comprobado y donde la tradici\u00f3n religiosa y la fe cristiana considera depositadas tres astillas del <strong>Lignum Crucis<\/strong> en que muri\u00f3 Jesucristo.<\/p>\n<p style=\"text-align: justify;\">\n<p style=\"text-align: justify;\">La ciudad de Caravaca de la Cruz celebra en 2017 un nuevo A\u00f1o Jubilar, que comenz\u00f3 el 8 de enero 2017 y se clausurar\u00e1 el 7 de enero de 2018.<\/p>\n<p style=\"text-align: justify;\">\n<p style=\"text-align: justify;\">Para ganar las indulgencias plenarias, el peregrino debe participar en una celebraci\u00f3n en la Bas\u00edlica Menor-Santuario de la Vera Cruz, con la devoci\u00f3n e intenci\u00f3n de ganar el jubileo y orar por las intenciones del Papa. Adem\u00e1s, debe recibir confesi\u00f3n sacramental y comuni\u00f3n eucar\u00edstica, bien en el santuario o unos d\u00edas antes o despu\u00e9s de la peregrinaci\u00f3n en otra iglesia.<\/p>\n<p style=\"text-align: justify;\">\n<p style=\"text-align: justify;\">Estas ser\u00edan las condiciones para ganar las indulgencias plenarias que establece la Penitenciar\u00eda Apost\u00f3lica para este jubilar. Pero Caravaca quiere ofrecer m\u00e1s cosas. Por este motivo los p\u00e1rrocos y comunidades religiosas brindan al peregrino m\u00e1s opciones en su camino hacia la Cruz de Cristo.<\/p>\n<p style=\"text-align: justify;\">Los que lo deseen pueden realizar <strong><u>la Estaci\u00f3n Jubilar en la Parroquia de El Salvador, a las 11:30 horas<\/u><\/strong>. All\u00ed tambi\u00e9n podr\u00e1n contemplar la reliquia de sangre de San Juan Pablo II, quien siendo Papa concedi\u00f3 el jubileo a perpetuidad al Santuario de la Vera Cruz de Caravaca. Es all\u00ed, donde se inicia todos los d\u00edas de la semana el Acto de Peregrinaci\u00f3n, siendo los peregrinos recibidos con un breve rito de introducci\u00f3n a la Liturgia Jubilar y siendo bendecidos para partir en procesi\u00f3n hacia el Santuario de la Stma. y Vera Cruz de Caravaca, donde ser\u00e1n acogidos por el capell\u00e1n del Santuario o el sacerdote designado para celebrar la eucarist\u00eda. Tras una breve explicaci\u00f3n del sentido de la Cruz, su importancia y su trayectoria hist\u00f3rica dar\u00e1 inicio la Santa Misa con la exposici\u00f3n solemne de la Cruz y Bendici\u00f3n, pues en todas las celebraciones, al final de las mismas, la Cruz se expondr\u00e1 en el altar para su veneraci\u00f3n, rez\u00e1ndose las preces jubilares,\u00a0 imparti\u00e9ndose la bendici\u00f3n con la Sagrada Reliquia, que posteriormente se dar\u00e1 a besar a todos los fieles.<\/p>\n<p style=\"text-align: justify;\">Muy cerca de la Estaci\u00f3n Jubilar de El Salvador, en la calle de Las Monjas, tienen su convento las Madres Clarisas (968-707460). Un lugar de recogimiento que ofrece a los peregrinos un tiempo de adoraci\u00f3n y paz ante el Sant\u00edsimo Sacramento, de 10:30 a 13:30 horas.<\/p>\n<p style=\"text-align: justify;\">Poni\u00e9ndose en contacto con los p\u00e1rrocos, o a trav\u00e9s de las oficinas de la Cofrad\u00eda de la Vera Cruz, los grupos podr\u00e1n tambi\u00e9n solicitar un rato de oraci\u00f3n mariana en la parroquia de La Concepci\u00f3n (968-707530), para contemplar la figura de Mar\u00eda a los pies de la Cruz; orar con los m\u00edsticos, con Santa Teresa de Jes\u00fas o San Juan de la Cruz, en el convento de Padres Carmelitas Descalzos (968-708527) ; o renovar las promesas del bautismo en la parroquia de San Francisco de As\u00eds (968-702010).<\/p>\n<p style=\"text-align: justify;\">Aquellos que pernocten en Caravaca pueden solicitar tambi\u00e9n un tiempo de adoraci\u00f3n de la Cruz y procesi\u00f3n de las antorchas en torno al Santuario de la Vera Cruz.<\/p>\n<p style=\"text-align: justify;\">\n<p style=\"text-align: justify;\"><strong>Este A\u00f1o Jubilar nos invita tambi\u00e9n a ponernos en camino, a peregrinar. <\/strong><\/p>\n<p style=\"text-align: justify;\">Para aquellos que quieren llegar a Caravaca caminando, en bicicleta o a caballo, el Obispado ha creado la <em>Credencial del peregrino<\/em>, una cartilla explicativa en la que los caminantes podr\u00e1n ir sellando las casillas a su paso por los diferentes lugares religiosos. Esta credencial servir\u00e1 al peregrino para solicitar su <em>Acreditaci\u00f3n<\/em> en el Santuario de la Vera Cruz, que es la certificaci\u00f3n de haber cumplido la peregrinaci\u00f3n, y que se denomina \u201cla caravaquensis\u201d.<\/p>\n<p>&nbsp;<\/p>\n<p><iframe loading=\"lazy\" width=\"768\" height=\"432\" src=\"https:\/\/www.youtube.com\/embed\/ZpHH_z6tjZE?feature=oembed\" frameborder=\"0\" allowfullscreen><\/iframe><\/p>\n<p style=\"text-align: justify;\"><strong><u>Como conseguir la credencial:<\/u><\/strong><\/p>\n<p style=\"text-align: justify;\">Para solicitarla debe saber que todas las parroquias de la Regi\u00f3n de Murcia tienen un documento denominado \u00ab<strong>Solicitud de Credencial del Peregrino\u00bb, <\/strong>que una vez est\u00e9 rellenado, el p\u00e1rroco lo sellar\u00e1 para que lo lleven los interesados hasta el Palacio Episcopal, en Murcia. Dicho documento tambi\u00e9n se puede cumplimentar directamente en el Palacio Episcopal (sede del Obispado de Cartagena), que se encuentra junto a la Catedral de Murcia (Plaza del Cardenal Belluga n\u00ba 1, CP: 30001), en horario de lunes a viernes de 9:00 a 14:00 horas y de 17:00 a 20:00 horas, en la segunda planta, o en la Vicar\u00eda Episcopal de Cartagena (C\/ Dr. Luis Calandre n\u00ba 40, CP: 30205), en horario de lunes a viernes de 10:00 a13:30h.<br \/>\nAl entregar dicha solicitud se le expedir\u00e1 la Credencial nominativa previo donativo de 2 euros que se destinar\u00e1 a una obra social, en concreto a Proyecto Hombre de la Comarca del Noroeste.<br \/>\nTambi\u00e9n se puede obtener en la Catedral de Orihuela, que es inicio del Camino del Levante.<br \/>\nSi un grupo o parroquia quiere pedir la credencial para todos los miembros del grupo a la vez, lo puede hacer entregando un impreso de solicitud por persona solicitante. Si el grupo o parroquia es de fuera de la Regi\u00f3n de Murcia, puede dirigirse a la <strong><u>Secretaria General del Obispado<\/u><\/strong> directamente en el correo <a href=\"mailto:canciller@diocesisdecartagena.org\">secretariageneral@diocesisdecartagena.org <\/a>o llamando al tel\u00e9fono <strong><u>968 221 371<\/u><\/strong>.<\/p>\n<p style=\"text-align: justify;\">\n<p style=\"text-align: justify;\">Si el peregrino lo prefiere, puede solicitar que se le env\u00eden las credenciales a su direcci\u00f3n postal, escribiendo un correo electr\u00f3nico a la Secretaria General (<a href=\"mailto:secretaria@diocesisdecartagena.org\">secretariageneral@diocesisdecartagena.org<\/a>). En el mismo, deber\u00e1 adjuntar las solicitudes cumplimentadas y selladas por la parroquia del peregrino, as\u00ed como el resguardo del ingreso o transferencia bancaria del donativo de las credenciales (2 euros por credencial), adem\u00e1s de los gastos del env\u00edo (5,50 euros por env\u00edo), el cual, se realizar\u00e1 por mensajer\u00eda nacional en servicio de 24h\/48h.<\/p>\n<p>&nbsp;<\/p>\n<p>Los n\u00fameros de cuenta donde se puede realizar el abono son los siguientes:<\/p>\n<p>BBVA: ES42 \u2013 0182 \u2013 5639 \u2013 2100 \u2013 1006 \u2013 6154<br \/>\nSANTANDER: ES86 \u2013 0049 \u2013 6660 \u2013 7629 \u2013 1614 \u2013 2967<br \/>\nLA CAIXA: ES13 \u2013 2100 \u2013 2166 \u2013 4802 &#8211; 0023 &#8211; 6595<\/p>\n<p>&nbsp;<\/p>\n<p>&nbsp;<\/p>\n<p style=\"text-align: justify;\"><strong><u>Como conseguir la caravaquensis viniendo por el Camino de la Cruz (Del Levante):<\/u><\/strong><\/p>\n<p style=\"text-align: justify;\">Los peregrinos deben sellar su Credencial en los siguientes lugares:<\/p>\n<ul style=\"text-align: justify;\">\n<li><strong>Todas las iglesias, Estaci\u00f3n Jubilar<\/strong> (Iglesia de El Salvador en Caravaca).<\/li>\n<li><strong>Lugares de Bendici\u00f3n de Peregrinos<\/strong> (Iglesia de San Antonio de Cehegin, Monasterio de Nuestra Se\u00f1ora de la Encarnaci\u00f3n de Mula, Parroquia de Nuestra Se\u00f1ora del Rosario de Bullas e Iglesia de Nuestra Se\u00f1ora de los Remedios de Albudeite)<\/li>\n<li><strong>Monumentos eclesi\u00e1sticos relevantes del Camino de Levante.<\/strong><\/li>\n<\/ul>\n<p style=\"text-align: justify;\">\n<ul style=\"text-align: justify;\">\n<li><strong>Oficinas de turismo<\/strong> de los municipios del camino o en los <strong>Ayuntamientos<\/strong>, en caso de no disponer de ella.<\/li>\n<li><strong>Establecimientos Adheridos <\/strong>al Camino de Levante (alojamientos, empresas de restauraci\u00f3n, turismo activo, peque\u00f1o comercio) que ofrecen precios especiales al peregrino, y que est\u00e1n identificados con sus placas correspondientes.<\/li>\n<\/ul>\n<p style=\"text-align: justify;\">\n<p style=\"text-align: justify;\">Para conseguir el Certificado del Peregrino o <strong>Caravaquensis<\/strong>, si accede por el Camino de la Cruz (Del Levante) el peregrino debe caminar:<\/p>\n<p style=\"text-align: justify;\">M\u00ednimo los adultos desde Bullas (21Km.), y los ni\u00f1os desde Ceheg\u00edn (7Km.), y conseguir que un m\u00ednimo del <strong>60% de los sellos cu\u00f1ados sean de establecimientos religiosos<\/strong>.<\/p>\n<p style=\"text-align: justify;\">\n<p style=\"text-align: justify;\"><strong><u>Como conseguir la caravaquensis si viene desde cualquier otro punto caminando:<\/u><\/strong><\/p>\n<p style=\"text-align: justify;\">Los peregrinos pueden sellar sus credenciales:<\/p>\n<p style=\"text-align: justify;\">En <strong>cualquier establecimiento en el que realice su parada<\/strong> en el transcurso de su viaje a Caravaca de la Cruz, teniendo en cuenta que para obtener la caravaquesis se necesita como m\u00ednimo que el 60% de dichos \u00a0sellos sean de establecimientos religiosos, y que <strong>los adultos peregrinen como m\u00ednimo 21Km. y los ni\u00f1os 7Km.<\/strong><\/p>\n<p style=\"text-align: justify;\">\n<p style=\"text-align: justify;\"><strong><u>El Camino de la Cruz (Camino del Levante). Camino de Peregrinaci\u00f3n.<\/u><\/strong><\/p>\n<p style=\"text-align: justify;\">Tomando como referencia los caminos dise\u00f1ados en anteriores jubilares, se le facilita al peregrino el llegar caminando a Caravaca de la Cruz desde cualquier punto de la Regi\u00f3n. El primer camino puesto en valor en para el presente A\u00f1o Jubilar 2017 es el Camino de la Cruz (Camino del Levante), que une las ciudades de Orihuela y Caravaca de la Cruz (118 Km.), y que transcurre por once municipios.<\/p>\n<p><iframe loading=\"lazy\" width=\"768\" height=\"432\" src=\"https:\/\/www.youtube.com\/embed\/pJy1dn0leho?feature=oembed\" frameborder=\"0\" allowfullscreen><\/iframe><\/p>\n<p>Los tramos en los que se han dividido el Camino de la Cruz (del Levante) se pueden descargar accediendo a: <a href=\"https:\/\/www.murciaturistica.es\/camino-de-la-cruz\/etapas\/\">https:\/\/www.murciaturistica.es\/camino-de-la-cruz\/etapas\/<\/a><\/p>\n<p>A lo largo del camino, el peregrino encontrar\u00e1 hoteles, albergues y restaurantes que han querido sumarse a este proyecto ofreciendo descuentos y tarifas especiales para quienes peregrinen a Caravaca de la Cruz y de los que pueden obtener m\u00e1s informaci\u00f3n en el siguiente enlace:<\/p>\n<p><a href=\"https:\/\/www.murciaturistica.es\/camino-de-la-cruz\/establecimientos_adheridos\/\">https:\/\/www.murciaturistica.es\/camino-de-la-cruz\/establecimientos_adheridos\/<\/a><\/p>\n<p>&nbsp;<\/p>\n<p><strong><u>Albergues en el Camino de la Cruz (del Levante)<\/u><\/strong>:<\/p>\n<p><a href=\"http:\/\/www.alverdes.es\">http:\/\/www.alverdes.es<\/a><\/p>\n<p><a href=\"mailto:reservas@alverdes.es\">reservas@alverdes.es<\/a><\/p>\n<p>626-716708 \/ 968-735853 (Jos\u00e9 Sergio)<\/p>\n<p>&nbsp;<\/p>\n<p><strong><u>Si realiza la peregrinaci\u00f3n en coche o autob\u00fas<\/u><\/strong> tambi\u00e9n pueden obtener un <strong>Certificado del Peregrino<\/strong>, en este caso expedido por la Cofrad\u00eda de la Sant\u00edsima y Vera Cruz de Caravaca.<\/p>\n<p>Deber\u00e1 hacer la reserva de su visita o la de su grupo a la Cofrad\u00eda en <a href=\"mailto:cofrad%C3%ADa@lacruzdecaravaca.es\">cofrad\u00eda@lacruzdecaravaca.es<\/a>, o en los tel\u00e9fonos: 968-708540 \/ 968-707528, desde donde se le solicitar\u00e1n los datos necesarios. Si hace la reserva para su asistencia a la Misa del Peregrino con tiempo suficiente lo tendr\u00e1n preparado para cuando vengan a Caravaca de la Cruz. Estos certificados se recoger\u00e1n en la Oficina de Atenci\u00f3n al Peregrino que se encuentra en la explanada de la Bas\u00edlica-Santuario, la cual permanece abierta de 10h. a 14h. y de 16h. a 19h. Si por cualquier motivo a la hora de su visita estuviera cerrada, consultar con el capell\u00e1n de la Bas\u00edlica.<\/p>\n<p><strong>\u00a0<\/strong><\/p>\n<p><strong>\u00a0<\/strong><\/p>\n<p><strong><u>HORARIOS DE MISAS Y CELEBRACIONES<\/u><\/strong><\/p>\n<p><strong>\u00a0<\/strong><\/p>\n<p><strong><u>ENERO \/MARZO <\/u><\/strong><strong>\u00a0\u00a0\u00a0\u00a0\u00a0\u00a0\u00a0\u00a0\u00a0\u00a0\u00a0\u00a0\u00a0\u00a0\u00a0\u00a0\u00a0\u00a0\u00a0\u00a0\u00a0\u00a0\u00a0\u00a0\u00a0\u00a0\u00a0\u00a0\u00a0\u00a0\u00a0\u00a0 11:30 h. ESTACI\u00d3N JUBILAR Parroquia del Salvador<\/strong><\/p>\n<p><strong>\u00a0<\/strong><\/p>\n<p><strong>(LABORABLES\u00a0 LUNES A S\u00c1BADO)\u00a0\u00a0 \u00a0\u00a0\u00a0\u00a0\u00a0\u00a0\u00a0 8:30 h. Santa Misa y\u00a0 12:00 h.\u00a0 Misa del Peregrino<\/strong><\/p>\n<p><strong>\u00a0\u00a0\u00a0\u00a0\u00a0\u00a0\u00a0\u00a0\u00a0\u00a0\u00a0\u00a0\u00a0\u00a0\u00a0\u00a0\u00a0\u00a0\u00a0\u00a0\u00a0\u00a0\u00a0\u00a0\u00a0\u00a0\u00a0\u00a0\u00a0\u00a0\u00a0\u00a0\u00a0\u00a0\u00a0\u00a0\u00a0\u00a0\u00a0\u00a0\u00a0\u00a0\u00a0\u00a0\u00a0\u00a0\u00a0\u00a0\u00a0\u00a0\u00a0\u00a0\u00a0\u00a0\u00a0\u00a0\u00a0\u00a0\u00a0\u00a0\u00a0\u00a0\u00a0\u00a0\u00a0\u00a0\u00a0\u00a0\u00a0\u00a0\u00a0\u00a0\u00a0\u00a0\u00a0\u00a0\u00a0 17:30 h. \u00a0Santa Misa<\/strong><\/p>\n<p><strong>\u00a0<\/strong><\/p>\n<p><strong>DOMINGOS Y FESTIVOS\u00a0\u00a0\u00a0\u00a0\u00a0\u00a0\u00a0\u00a0\u00a0\u00a0\u00a0\u00a0\u00a0\u00a0\u00a0\u00a0\u00a0\u00a0\u00a0\u00a0\u00a0\u00a0\u00a0\u00a0\u00a0\u00a0\u00a0\u00a0\u00a0\u00a0\u00a0 12:00 h.\u00a0 Misa del Peregrino<\/strong><\/p>\n<p><strong>\u00a0\u00a0\u00a0\u00a0\u00a0\u00a0\u00a0\u00a0\u00a0\u00a0\u00a0\u00a0\u00a0\u00a0\u00a0\u00a0\u00a0\u00a0\u00a0\u00a0\u00a0\u00a0\u00a0\u00a0\u00a0\u00a0\u00a0\u00a0\u00a0\u00a0\u00a0\u00a0\u00a0\u00a0\u00a0\u00a0\u00a0\u00a0\u00a0\u00a0\u00a0\u00a0\u00a0\u00a0\u00a0\u00a0\u00a0\u00a0\u00a0\u00a0\u00a0\u00a0\u00a0\u00a0\u00a0\u00a0\u00a0\u00a0\u00a0\u00a0\u00a0\u00a0\u00a0\u00a0\u00a0\u00a0\u00a0\u00a0\u00a0\u00a0\u00a0\u00a0\u00a0\u00a0\u00a0\u00a0\u00a0 17:30 h. \u00a0Santa Misa<\/strong><\/p>\n<p><strong>\u00a0<\/strong><\/p>\n<p><strong><u>ABRIL \/SEPTIEMBRE<\/u><\/strong><strong>\u00a0\u00a0\u00a0\u00a0\u00a0\u00a0\u00a0\u00a0\u00a0\u00a0\u00a0\u00a0\u00a0\u00a0\u00a0\u00a0\u00a0\u00a0\u00a0\u00a0\u00a0\u00a0\u00a0\u00a0\u00a0 <\/strong><strong>11:30 h. ESTACI\u00d3N JUBILAR Parroquia del Salvador<\/strong><\/p>\n<p><strong>\u00a0<\/strong><\/p>\n<p><strong>(LABORABLES\u00a0 LUNES A S\u00c1BADO)\u00a0\u00a0 \u00a0\u00a0\u00a0\u00a0\u00a0\u00a0\u00a0 8:30 h. Santa Misa y\u00a0 12:00 h.\u00a0 Misa del Peregrino<\/strong><\/p>\n<p><strong>\u00a0\u00a0\u00a0\u00a0\u00a0\u00a0\u00a0\u00a0\u00a0\u00a0\u00a0\u00a0\u00a0\u00a0\u00a0\u00a0\u00a0\u00a0\u00a0\u00a0\u00a0\u00a0\u00a0\u00a0\u00a0\u00a0\u00a0\u00a0\u00a0\u00a0\u00a0\u00a0\u00a0\u00a0\u00a0\u00a0\u00a0\u00a0\u00a0\u00a0\u00a0\u00a0\u00a0\u00a0\u00a0\u00a0\u00a0\u00a0\u00a0\u00a0\u00a0\u00a0\u00a0\u00a0\u00a0\u00a0\u00a0\u00a0\u00a0\u00a0\u00a0\u00a0\u00a0\u00a0\u00a0\u00a0\u00a0\u00a0\u00a0\u00a0\u00a0\u00a0\u00a0\u00a0\u00a0\u00a0\u00a0 18:30 h. \u00a0Santa Misa<\/strong><\/p>\n<p><strong>\u00a0<\/strong><\/p>\n<p><strong>DOMINGOS Y FESTIVOS\u00a0\u00a0\u00a0\u00a0\u00a0\u00a0\u00a0\u00a0\u00a0\u00a0\u00a0\u00a0\u00a0\u00a0\u00a0\u00a0\u00a0\u00a0\u00a0\u00a0\u00a0\u00a0\u00a0\u00a0\u00a0\u00a0\u00a0\u00a0\u00a0\u00a0\u00a0 12:00 h.\u00a0 Misa del Peregrino<\/strong><\/p>\n<p><strong>\u00a0\u00a0\u00a0\u00a0\u00a0\u00a0\u00a0\u00a0\u00a0\u00a0\u00a0\u00a0\u00a0\u00a0\u00a0\u00a0\u00a0\u00a0\u00a0\u00a0\u00a0\u00a0\u00a0\u00a0\u00a0\u00a0\u00a0\u00a0\u00a0\u00a0\u00a0\u00a0\u00a0\u00a0\u00a0\u00a0\u00a0\u00a0\u00a0\u00a0\u00a0\u00a0\u00a0\u00a0\u00a0\u00a0\u00a0\u00a0\u00a0\u00a0\u00a0\u00a0\u00a0\u00a0\u00a0\u00a0\u00a0\u00a0\u00a0\u00a0\u00a0\u00a0\u00a0\u00a0\u00a0\u00a0\u00a0\u00a0\u00a0\u00a0\u00a0\u00a0\u00a0\u00a0\u00a0\u00a0\u00a0 18:30 h. \u00a0Santa Misa<\/strong><\/p>\n<p><strong>\u00a0<\/strong><\/p>\n<p><strong><u>OCTUBRE\/DICIEMBRE<\/u><\/strong><strong>\u00a0\u00a0\u00a0\u00a0\u00a0\u00a0\u00a0\u00a0\u00a0\u00a0\u00a0\u00a0\u00a0\u00a0\u00a0\u00a0\u00a0\u00a0\u00a0\u00a0\u00a0\u00a0\u00a0\u00a0\u00a0\u00a0\u00a0\u00a0\u00a0\u00a0\u00a0 <\/strong><strong>11:30 h. ESTACI\u00d3N JUBILAR Parroquia del Salvador<\/strong><\/p>\n<p><strong>(LABORABLES\u00a0 LUNES A S\u00c1BADO)\u00a0\u00a0 \u00a0\u00a0\u00a0\u00a0\u00a0\u00a0\u00a0 8:30 h. Santa Misa y\u00a0 12:00 h.\u00a0 Misa del Peregrino<\/strong><\/p>\n<p><strong>\u00a0\u00a0\u00a0\u00a0\u00a0\u00a0\u00a0\u00a0\u00a0\u00a0\u00a0\u00a0\u00a0\u00a0\u00a0\u00a0\u00a0\u00a0\u00a0\u00a0\u00a0\u00a0\u00a0\u00a0\u00a0\u00a0\u00a0\u00a0\u00a0\u00a0\u00a0\u00a0\u00a0\u00a0\u00a0\u00a0\u00a0\u00a0\u00a0\u00a0\u00a0\u00a0\u00a0\u00a0\u00a0\u00a0\u00a0\u00a0\u00a0\u00a0\u00a0\u00a0\u00a0\u00a0\u00a0\u00a0\u00a0\u00a0\u00a0\u00a0\u00a0\u00a0\u00a0\u00a0\u00a0\u00a0\u00a0\u00a0\u00a0\u00a0\u00a0\u00a0\u00a0\u00a0\u00a0\u00a0\u00a0 17:30 h. \u00a0Santa Misa<\/strong><\/p>\n<p><strong>\u00a0<\/strong><\/p>\n<p><strong>DOMINGOS Y FESTIVOS\u00a0\u00a0\u00a0\u00a0\u00a0\u00a0\u00a0\u00a0\u00a0\u00a0\u00a0\u00a0\u00a0\u00a0\u00a0\u00a0\u00a0\u00a0\u00a0\u00a0\u00a0\u00a0\u00a0\u00a0\u00a0\u00a0\u00a0\u00a0\u00a0\u00a0\u00a0 12:00 h.\u00a0 Misa del Peregrino<\/strong><\/p>\n<p><strong>\u00a0\u00a0\u00a0\u00a0\u00a0\u00a0\u00a0\u00a0\u00a0\u00a0\u00a0\u00a0\u00a0\u00a0\u00a0\u00a0\u00a0\u00a0\u00a0\u00a0\u00a0\u00a0\u00a0\u00a0\u00a0\u00a0\u00a0\u00a0\u00a0\u00a0\u00a0\u00a0\u00a0\u00a0\u00a0\u00a0\u00a0\u00a0\u00a0\u00a0\u00a0\u00a0\u00a0\u00a0\u00a0\u00a0\u00a0\u00a0\u00a0\u00a0\u00a0\u00a0\u00a0\u00a0\u00a0\u00a0\u00a0\u00a0\u00a0\u00a0\u00a0\u00a0\u00a0\u00a0\u00a0\u00a0\u00a0\u00a0\u00a0\u00a0\u00a0\u00a0\u00a0\u00a0\u00a0\u00a0\u00a0 17:30 h. \u00a0Santa Misa<\/strong><\/p>\n<p><strong>\u00a0<\/strong><\/p>\n<p><strong>\u00a0<\/strong><\/p>\n<p><strong>\u00a0<\/strong><\/p>\n<p><strong>PRECES DEL JUBILEO<\/strong><\/p>\n<p><strong><u>Oraci\u00f3n por las intenciones del Romano Pont\u00ed\u00adce para recibir las indulgencias del Santo Jubileo<\/u><\/strong><\/p>\n<p><strong>\u00a0<\/strong>Oremos:<\/p>\n<p>Oh Dios, que para suceder al ap\u00f3stol Pedro, elegiste a tu siervo<\/p>\n<p>Francisco, como pastor de tu Iglesia, escucha la oraci\u00f3n de tu pueblo<\/p>\n<p>y haz que nuestro Papa, vicario de Cristo en la Tierra, con\u00adfirme en la<\/p>\n<p>Fe a todos los hermanos, y que toda la Iglesia se mantenga en<\/p>\n<p>comuni\u00f3n con \u00e9l, por el v\u00ednculo de la unidad y de la paz,<\/p>\n<p>para que todos encuentren en ti la Verdad y la Vida.<\/p>\n<p>Por Jesucristo nuestro Se\u00f1or, Am\u00e9n.<\/p>\n<p>Oremos todos juntos con las palabras que el mismo Se\u00f1or Jesucristo<\/p>\n<p>nos ense\u00f1\u00f3: Padre Nuestro&#8230;<\/p>\n<p>Oraci\u00f3n de bendici\u00f3n con la Cruz.<\/p>\n<p>Te rogamos, Se\u00f1or Santo, Padre Omnipotente, Eterno Dios, que<\/p>\n<p>bendigas a tu pueblo con el signo de la Cruz, s\u00edmbolo de tu amor<\/p>\n<p>redentor y acercamiento a nosotros, para que sea nuestra ayuda<\/p>\n<p>en la debilidad, aliento en la di\u00adcultad, alegr\u00eda en nuestro trabajo,<\/p>\n<p>fundamento de nuestra fe y expresi\u00f3n de tu presencia amorosa en<\/p>\n<p>el mundo.<\/p>\n<p>Por Jesucristo nuestro Se\u00f1or, Am\u00e9n.<\/p>\n<p><strong>\u00a0<\/strong><\/p>\n<p><strong>Enlaces de inter\u00e9s: <\/strong><\/p>\n<p><strong>\u00a0<\/strong>Decreto de concesi\u00f3n del a\u00f1o Jubilar en torno a la Vera Cruz de Caravaca \u201cIn Perpetuum\u201d:<\/p>\n<p><a href=\"http:\/\/www.lacruzdecaravaca.com\/wp-content\/uploads\/2016\/11\/1998-DECRETO-CONCESION-A%C3%B1o-Jubilar-In-Perpetuum-Castellano.pdf\">http:\/\/www.lacruzdecaravaca.com\/wp-content\/uploads\/2016\/11\/1998-DECRETO-CONCESION-A%C3%B1o-Jubilar-In-Perpetuum-Castellano.pdf<\/a><\/p>\n<p>&nbsp;<\/p>\n<p>&nbsp;<\/p>\n<p>Solicitud para obtener la Credencial del Peregrino:<\/p>\n<p><a href=\"http:\/\/diocesisdecartagena.org\/wp-content\/uploads\/solicitud-credencial-camino-de-la-cruz.pdf\">http:\/\/diocesisdecartagena.org\/wp-content\/uploads\/solicitud-credencial-camino-de-la-cruz.pdf<\/a><\/p>\n<p>&nbsp;<\/p>\n<p>Solicitud de Peregrinaci\u00f3n-asistencia a Misa del Peregrino:<\/p>\n<p><a href=\"http:\/\/www.lacruzdecaravaca.com\/anos-santos\/solicitar-peregrinacion\/\">http:\/\/www.lacruzdecaravaca.com\/anos-santos\/solicitar-peregrinacion\/<\/a><\/p>\n<p>&nbsp;<\/p>\n<p>M\u00e1s informaci\u00f3n:<\/p>\n<p>&nbsp;<\/p>\n<p><a href=\"http:\/\/www.lacruzdecaravaca.com\/anos-santos\/preguntas-comunes\/\">http:\/\/www.lacruzdecaravaca.com\/anos-santos\/preguntas-comunes\/<\/a><\/p>\n<p>&nbsp;<\/p>\n<p><a href=\"https:\/\/www.murciaturistica.es\/camino-de-la-cruz\/inicio\">https:\/\/www.murciaturistica.es\/camino-de-la-cruz\/inicio<\/a><\/p>\n<p>&nbsp;<\/p>\n<p><a href=\"https:\/\/www.turismocaravaca.org\">https:\/\/www.turismocaravaca.org<\/a><\/p>\n<p>&nbsp;<\/p>\n<p>&nbsp;<\/p>\n<p><u>Tel\u00e9fonos de Inter\u00e9s.<\/u><\/p>\n<p>&nbsp;<\/p>\n<p>Oficina de la Real e Ilustre Cofrad\u00eda de la Sant\u00edsima y Vera Cruz: 968 707528<\/p>\n<p>Peregrinaciones y Voluntariado: 968 708540<\/p>\n<p>Bas\u00edlica-Santuario:968 707743<\/p>\n<p>Oficina de Turismo: 968 702424<\/p>\n<p>Museos de Caravaca: 968 705620<\/p>\n<p>Ayuntamiento de Caravaca de la Cruz: 968 702000.<\/p>\n<p>Protecci\u00f3n Civil: 968 922632. Presidente (Alfonso): 676 154470<\/p>\n<p>Estaci\u00f3n de Autobuses de Caravaca de la Cruz: 699-917518<\/p>\n<p>Estaci\u00f3n de Autobuses de Murcia: 968-292211<\/p>\n<p>Estaci\u00f3n de Trenes de Calasparra: 968 72 00 59<\/p>\n<p>Estaci\u00f3n de Trenes de Murcia: 902 24 02 02<\/p>\n<p>&nbsp;<\/p>\n","protected":false},"excerpt":{"rendered":"<p>El d\u00eda 9 de enero de 1998, la Santa Sede concedi\u00f3 en torno a la devoci\u00f3n a la Vera Cruz la celebraci\u00f3n de un A\u00f1o Jubilar a Perpetuidad. Entre las causas que motivaron esta concesi\u00f3n cabe destacar un hecho religioso, cuya trascendencia se remonta a\u00f1os atr\u00e1s en la historia de Espa\u00f1a, de la Regi\u00f3n de [&hellip;]<\/p>\n","protected":false},"author":2,"featured_media":0,"comment_status":"open","ping_status":"open","sticky":false,"template":"","format":"standard","meta":{"footnotes":""},"categories":[2126,1],"tags":[],"class_list":["post-5787","post","type-post","status-publish","format-standard","hentry","category-espanol","category-sin-categoria"],"_links":{"self":[{"href":"https:\/\/www.turismocaravaca.com\/blog\/wp-json\/wp\/v2\/posts\/5787"}],"collection":[{"href":"https:\/\/www.turismocaravaca.com\/blog\/wp-json\/wp\/v2\/posts"}],"about":[{"href":"https:\/\/www.turismocaravaca.com\/blog\/wp-json\/wp\/v2\/types\/post"}],"author":[{"embeddable":true,"href":"https:\/\/www.turismocaravaca.com\/blog\/wp-json\/wp\/v2\/users\/2"}],"replies":[{"embeddable":true,"href":"https:\/\/www.turismocaravaca.com\/blog\/wp-json\/wp\/v2\/comments?post=5787"}],"version-history":[{"count":4,"href":"https:\/\/www.turismocaravaca.com\/blog\/wp-json\/wp\/v2\/posts\/5787\/revisions"}],"predecessor-version":[{"id":5792,"href":"https:\/\/www.turismocaravaca.com\/blog\/wp-json\/wp\/v2\/posts\/5787\/revisions\/5792"}],"wp:attachment":[{"href":"https:\/\/www.turismocaravaca.com\/blog\/wp-json\/wp\/v2\/media?parent=5787"}],"wp:term":[{"taxonomy":"category","embeddable":true,"href":"https:\/\/www.turismocaravaca.com\/blog\/wp-json\/wp\/v2\/categories?post=5787"},{"taxonomy":"post_tag","embeddable":true,"href":"https:\/\/www.turismocaravaca.com\/blog\/wp-json\/wp\/v2\/tags?post=5787"}],"curies":[{"name":"wp","href":"https:\/\/api.w.org\/{rel}","templated":true}]}}