{"id":593,"date":"2012-07-25T12:50:51","date_gmt":"2012-07-25T12:50:51","guid":{"rendered":"http:\/\/turismocaravaca.wordpress.com\/?p=593"},"modified":"2017-09-04T16:38:23","modified_gmt":"2017-09-04T16:38:23","slug":"pasa-en-buen-rato-en-los-conciertos-a-la-luna-de-barranda-del-museo-de-la-musica-etnica","status":"publish","type":"post","link":"https:\/\/www.turismocaravaca.com\/blog\/pasa-en-buen-rato-en-los-conciertos-a-la-luna-de-barranda-del-museo-de-la-musica-etnica\/","title":{"rendered":"PASA EN BUEN RATO EN LOS CONCIERTOS \u201cA La Luna de Barranda\u201d del Museo de la M\u00fasica \u00c9tnica"},"content":{"rendered":"<p style=\"text-align:justify;\">\u00a0\u00a0\u00a0\u00a0 Como cada a\u00f1o, y organizado por el Ayuntamiento de Caravaca de la Cruz, el Museo de la M\u00fasica \u00c9tnica situado en la pedan\u00eda de Barranda, nos sorprender\u00e1 con un nuevo Ciclo de Conciertos <strong>\u201cA La Luna de Barranda\u201d.<\/strong><\/p>\n<p style=\"text-align:justify;\">\u00a0\u00a0\u00a0\u00a0 Estilos como el flamenco, el rock o el blues sonar\u00e1n de nuevo en el museo, en tres actuaciones que est\u00e1n previstas para los d\u00edas 28 de julio, 11 de agosto y 25 de agosto.<\/p>\n<p style=\"text-align:justify;\"><a href=\"http:\/\/localhost:81\/turismo\/blog\/wp-content\/uploads\/2012\/07\/la-luna-de-barranda.jpg\"><img loading=\"lazy\" decoding=\"async\" class=\"aligncenter  wp-image-595\" title=\"LA LUNA DE BARRANDA\" src=\"http:\/\/localhost:81\/turismo\/blog\/wp-content\/uploads\/2012\/07\/la-luna-de-barranda.jpg?w=702\" alt=\"\" width=\"288\" height=\"422\" \/><\/a><\/p>\n<p>&nbsp;<\/p>\n<p>\u00a0\u00a0\u00a0\u00a0 La primera actuaci\u00f3n tendr\u00e1 lugar este <strong>s\u00e1bado, 28 de julio<\/strong>, y correr\u00e1 a cargo de <strong>Jos\u00e9 Antonio Aarnoutse y Osvaldo Jorge<\/strong>, componentes de la Banda del Pepo. Durante el concierto se van a ir entremezclando composiciones de conocidos guitarristas flamencos, con algunas piezas cl\u00e1sicas pero interpretadas sobre palos flamencos e incluso algunos temas de creaci\u00f3n propia. La percusi\u00f3n es una parte determinante en esta escapada del sonido cl\u00e1sico del flamenco. Adem\u00e1s de utilizar el caj\u00f3n, introducen sonidos originales con la utilizaci\u00f3n de instrumentos tan poco frecuentes como el hang, la tabla india o la tinaja.<\/p>\n<p><a href=\"http:\/\/localhost:81\/turismo\/blog\/wp-content\/uploads\/2012\/07\/baner1.jpg\"><img loading=\"lazy\" decoding=\"async\" class=\"aligncenter  wp-image-596\" title=\"baner[1]\" src=\"http:\/\/localhost:81\/turismo\/blog\/wp-content\/uploads\/2012\/07\/baner1.jpg?w=300\" alt=\"\" width=\"234\" height=\"99\" \/><\/a><\/p>\n<p>&nbsp;<\/p>\n<p><a href=\"http:\/\/turismocaravaca.files.wordpress.com\/2012\/07\/p1.jpg\"><img loading=\"lazy\" decoding=\"async\" class=\"alignright  wp-image-597\" title=\"p[1]\" src=\"http:\/\/turismocaravaca.files.wordpress.com\/2012\/07\/p1.jpg?w=150\" alt=\"\" width=\"192\" height=\"148\" \/><\/a><\/p>\n<p style=\"text-align:justify;\">\u00a0\u00a0\u00a0\u00a0 La segunda actuaci\u00f3n est\u00e1 prevista para <strong>el s\u00e1bado 11 de agosto, <\/strong>en esta ocasi\u00f3n el grupo murciano <strong>\u201cLos Mara\u00f1ones\u201d<\/strong> nos ofrecer\u00e1n un recorrido por todo tipo de estilos, siempre unidos por su peculiar modo de ver el Rock.<\/p>\n<p>&nbsp;<\/p>\n<p>\u00a0<a href=\"http:\/\/localhost:81\/turismo\/blog\/wp-content\/uploads\/2012\/07\/557679_256013067847487_728417565_n1.jpg\"><img loading=\"lazy\" decoding=\"async\" class=\"alignleft size-thumbnail wp-image-598\" title=\"557679_256013067847487_728417565_n[1]\" src=\"http:\/\/localhost:81\/turismo\/blog\/wp-content\/uploads\/2012\/07\/557679_256013067847487_728417565_n1.jpg?w=100\" alt=\"\" width=\"100\" height=\"150\" srcset=\"https:\/\/www.turismocaravaca.com\/blog\/wp-content\/uploads\/2012\/07\/557679_256013067847487_728417565_n1.jpg 480w, https:\/\/www.turismocaravaca.com\/blog\/wp-content\/uploads\/2012\/07\/557679_256013067847487_728417565_n1-200x300.jpg 200w\" sizes=\"(max-width: 100px) 100vw, 100px\" \/><\/a><\/p>\n<p style=\"text-align:justify;\">\u00a0\u00a0\u00a0\u00a0 Por \u00faltimo, <strong>\u201cLos hermanos Cubero\u201d, <\/strong>llegar\u00e1n al patio del Museo el <strong>s\u00e1bado 25 de agosto<\/strong>, un grupo que ha inventado un estilo con el que se est\u00e1 dando mucho que hablar en la escena del folk, con denominaci\u00f3n de origen ib\u00e9rico. \u201cLos hermanos cubero\u201d han participado en numerosos conciertos, como los de Radio 3 de RTVE, con una excelente cr\u00edtica.<\/p>\n<p style=\"text-align:justify;\">\u00a0\u00a0\u00a0\u00a0 Todos los conciertos se celebrar\u00e1n a las <strong>22:00 horas<\/strong> en el patio del Museo de la M\u00fasica \u00c9tnica.<\/p>\n<p><strong>\u00a0\u00a0\u00a0\u00a0 La entrada ser\u00e1 libre hasta completar aforo. <\/strong><\/p>\n<p><strong>\u00a0\u00a0\u00a0\u00a0 \u00a1\u00a1VENTE A PASAR UN BUEN RATO!!<\/strong><\/p>\n","protected":false},"excerpt":{"rendered":"<p>\u00a0\u00a0\u00a0\u00a0 Como cada a\u00f1o, y organizado por el Ayuntamiento de Caravaca de la Cruz, el Museo de la M\u00fasica \u00c9tnica situado en la pedan\u00eda de Barranda, nos sorprender\u00e1 con un nuevo Ciclo de Conciertos \u201cA La Luna de Barranda\u201d. \u00a0\u00a0\u00a0\u00a0 Estilos como el flamenco, el rock o el blues sonar\u00e1n de nuevo en el museo, [&hellip;]<\/p>\n","protected":false},"author":2,"featured_media":0,"comment_status":"open","ping_status":"open","sticky":false,"template":"","format":"standard","meta":{"footnotes":""},"categories":[3,2126,34],"tags":[73,258,364,542,1005,1266,1424],"class_list":["post-593","post","type-post","status-publish","format-standard","hentry","category-actividades","category-espanol","category-uncategorized","tag-a-la-luna-de-barranda","tag-barranda","tag-caravaca-de-la-cruz","tag-conciertos","tag-folk","tag-luna","tag-musica"],"_links":{"self":[{"href":"https:\/\/www.turismocaravaca.com\/blog\/wp-json\/wp\/v2\/posts\/593"}],"collection":[{"href":"https:\/\/www.turismocaravaca.com\/blog\/wp-json\/wp\/v2\/posts"}],"about":[{"href":"https:\/\/www.turismocaravaca.com\/blog\/wp-json\/wp\/v2\/types\/post"}],"author":[{"embeddable":true,"href":"https:\/\/www.turismocaravaca.com\/blog\/wp-json\/wp\/v2\/users\/2"}],"replies":[{"embeddable":true,"href":"https:\/\/www.turismocaravaca.com\/blog\/wp-json\/wp\/v2\/comments?post=593"}],"version-history":[{"count":1,"href":"https:\/\/www.turismocaravaca.com\/blog\/wp-json\/wp\/v2\/posts\/593\/revisions"}],"predecessor-version":[{"id":6235,"href":"https:\/\/www.turismocaravaca.com\/blog\/wp-json\/wp\/v2\/posts\/593\/revisions\/6235"}],"wp:attachment":[{"href":"https:\/\/www.turismocaravaca.com\/blog\/wp-json\/wp\/v2\/media?parent=593"}],"wp:term":[{"taxonomy":"category","embeddable":true,"href":"https:\/\/www.turismocaravaca.com\/blog\/wp-json\/wp\/v2\/categories?post=593"},{"taxonomy":"post_tag","embeddable":true,"href":"https:\/\/www.turismocaravaca.com\/blog\/wp-json\/wp\/v2\/tags?post=593"}],"curies":[{"name":"wp","href":"https:\/\/api.w.org\/{rel}","templated":true}]}}