{"id":5980,"date":"2017-06-01T10:08:30","date_gmt":"2017-06-01T10:08:30","guid":{"rendered":"http:\/\/www.turismocaravaca.com\/blog\/?p=5980"},"modified":"2017-09-04T16:53:05","modified_gmt":"2017-09-04T16:53:05","slug":"noticias-sobre-el-inicio-de-la-exhibicion-cinematografica-en-caravaca","status":"publish","type":"post","link":"https:\/\/www.turismocaravaca.com\/blog\/noticias-sobre-el-inicio-de-la-exhibicion-cinematografica-en-caravaca\/","title":{"rendered":"Noticias sobre el inicio de la exhibici\u00f3n cinematogr\u00e1fica en Caravaca"},"content":{"rendered":"<p style=\"text-align: justify;\">Os dejamos aqu\u00ed un interesante art\u00edculo del archivero municipal Francisco Fern\u00e1ndez sobre los comienzos de la exhibici\u00f3n cinematogr\u00e1fica en Caravaca. Precisamente fue en el mes de junio de comienzos del siglo XX cuando el caravaque\u00f1o Genaro Mart\u00ednez-Egea adquiri\u00f3 un proyector y pel\u00edculas en Par\u00eds, y las present\u00f3 en el teatro Thuillier (entonces todav\u00eda no se llamaba as\u00ed).<\/p>\n<p style=\"text-align: justify;\"><img loading=\"lazy\" decoding=\"async\" class=\"aligncenter  wp-image-5981\" src=\"https:\/\/www.turismocaravaca.com\/blog\/wp-content\/uploads\/2017\/06\/proyector-cine-1909-150x150.jpg\" alt=\"proyector cine 1909\" width=\"299\" height=\"299\" \/><\/p>\n<p style=\"text-align: justify;\">No puedo precisar con exactitud cu\u00e1ndo se produjo la primera proyecci\u00f3n cinematogr\u00e1fica en nuestra ciudad, aunque creo que pudo suceder tan solo un par de a\u00f1os despu\u00e9s de que los hermanos Lumiere patentasen su invento. La primera sesi\u00f3n p\u00fablica fue el 28 de diciembre de 1895 y su repercusi\u00f3n fue tal que r\u00e1pidamente comenz\u00f3 a difundirse por todos los lugares; en Murcia sin ir m\u00e1s lejos se present\u00f3 en 1896. \u00a0A comienzos de 1897 los fot\u00f3grafos moratalleros Sandoval e hijo encargaron un proyector en Paris, cuya llegada se esperaba con impaciencia y curiosidad a mediados de marzo. La intenci\u00f3n de estos fot\u00f3grafos no era la de establecerse en un solo lugar, sino explotarlo por toda la provincia: \u201cEs esperado con suma curiosidad el Cinemat\u00f3grafo de Lumiere que los se\u00f1ores Sandoval \u00e9 hijo, fot\u00f3grafos de esta villa, han encargado \u00e1 Par\u00eds para su exhibici\u00f3n en esta y otros puntos a pesar de los gastos que dicho aparato demanda, siendo los que implantar\u00e1n en esta provincia, tan raro invento de Edison, que reproduce fielmente las escenas de la vida, como el Fon\u00f3grafo la m\u00fasica y el canto\u201d. En Murcia lo exhibi\u00f3 en el Teatro Circo durante la feria de ese a\u00f1o, por lo que no es de extra\u00f1ar que, dada la proximidad de Caravaca y las relaciones comerciales que M\u00e1ximo Sandoval ten\u00eda con nuestra ciudad, a donde se desplazaba peri\u00f3dicamente para realizar fotograf\u00edas llegando incluso a instalar ocasionalmente su estudio, presentase aqu\u00ed tambi\u00e9n \u201csu notable adelanto\u201d durante 1897, sobre todo teniendo en cuento que desde mediados de septiembre se contaba con luz el\u00e9ctrica. Sin embargo, no nos ha quedado testimonio de ello, ni tampoco de otras sesiones posteriores hasta que el caravaque\u00f1o Genaro Mart\u00ednez-Egea adquiri\u00f3 un proyector y pel\u00edculas en Par\u00eds, present\u00e1ndolas en nuestro teatro (todav\u00eda no se llamaba Thuillier) el 28 de junio de 1901. \u00a0Mart\u00ednez-Egea dirig\u00eda una sociedad de la que formaba parte tambi\u00e9n su hermano y en la que se hab\u00eda integrado asimismo el industrial Jos\u00e9 Mar\u00eda Garc\u00eda para esta ocasi\u00f3n. Inicialmente fijaron su presentaci\u00f3n para las fiestas de mayo, pero ciertos imprevistos hicieron que tuviera que retrasase hasta finales de junio. La tecnolog\u00eda del nuevo proyector, \u201cque re\u00fane todos los adelantos que en esta clase de aparatos se han introducido hasta el d\u00eda, con cintas fotograficas que son una aut\u00e9ntica maravilla\u201d, hizo que las sesiones alcanzaran gran \u00e9xito prorrog\u00e1ndose hasta mediados de julio, en que se traslad\u00f3 a Torrevieja para su explotaci\u00f3n durante el verano. Toda la prensa local, Caravaca contaba en aquella \u00e9poca con dos peri\u00f3dicos, reflej\u00f3 la admiraci\u00f3n del p\u00fablico, sorprendido por su originalidad y perfecci\u00f3n.\u00a0 En la edici\u00f3n de \u201cEl Siglo Nuevo\u201d de 30 junio de 1901 aparece as\u00ed rese\u00f1ado: \u201cLos cuadros, que por su luz, por la fijeza de sus im\u00e1genes, y por sus novedades agradaron al p\u00fablico, que era bastante numeroso, y entre aplausos\u00a0 y aclamaciones tuvieron que repetirse algunos n\u00fameros\u201d. M\u00e1s cr\u00edtico se mostr\u00f3 el otro peri\u00f3dico, \u201cLa Luz de la Comarca\u201d, advirtiendo de los inconvenientes de proyectar cierto tipo de pel\u00edculas: \u201cCon una regular concurrencia anoche se celebr\u00f3 en nuestro teatro la funci\u00f3n de cinemat\u00f3grafo anunciada previamente, habi\u00e9ndose exhibido una serie de cuadros de excelente efecto, que llamaron la atenci\u00f3n del p\u00fablico, el cual hizo repetir bastantes n\u00fameros. Nuestra enhorabuena a los Se\u00f1ores D. Genaro Mart\u00ednez y D. Jos\u00e9 Mar\u00eda Garc\u00eda, por su acierto en la elecci\u00f3n, recomend\u00e1ndoles se concreten en exponer \u00fanicamente aquellos cuadros en que no se ofenda a la moral, pues otra cosa ser\u00eda ahuyentar la parte sana del p\u00fablico con p\u00e9rdida de sus propios intereses\u201d.<\/p>\n<p style=\"text-align: justify;\">Este mismo a\u00f1o de 1901 los caravaque\u00f1os pudieron disfrutar nuevamente del cine durante la feria, pero no en el teatro, donde estaba actuando una compa\u00f1\u00eda de zarzuela, sino en un barrac\u00f3n ambulante, tal y como fue en sus or\u00edgenes: \u201chay tambi\u00e9n cinemat\u00f3grafo, vistas, fen\u00f3menos y titirimundis, es decir varios espect\u00e1culos al alcance de todas las fortuna\u201d.<br \/>\nEl \u00e9xito del este nuevo espect\u00e1culo fue arrollador, imponi\u00e9ndose en todos los lugares donde se presentaba, por lo que empez\u00f3 a ser habitual su inclusi\u00f3n en la programaci\u00f3n de los teatros y dem\u00e1s salas p\u00fablicas. Sin embargo, en Caravaca apenas encontramos noticias hasta la llegada del Cinemat\u00f3grafo Olimpia en el verano de 1907, que suscit\u00f3 una gran expectaci\u00f3n ya que al parecer hac\u00eda bastante tiempo que no se ofrec\u00edan distracciones de este tipo. Eso al menos se deduce del comentario aparecido en \u201cEl Siglo Nuevo\u201d de 4 de agosto de dicho a\u00f1o: \u201cEsperamos que el p\u00fablico ha de favorecer este espect\u00e1culo harto tiempo deseado en Caravaca\u201d, en ese mismo ejemplar inclu\u00eda cumplida informaci\u00f3n del espect\u00e1culo ofertado: \u201cEn la pr\u00f3xima semana comenzar\u00e1 a funcionar un magn\u00edfico cinemat\u00f3grafo en el Teatro Thuillier de esta ciudad, que seguramente ha de llamar la atenci\u00f3n del p\u00fablico. Su due\u00f1o, nuestro antiguo amigo don Pedro Gil, se propone presentar una magn\u00edfica colecci\u00f3n de pel\u00edculas de gran tama\u00f1o, extensi\u00f3n y de un efecto sorprendente que har\u00e1n desfilar por nuestro bonito coliseo a todo este vecindario\u201d.<\/p>\n<p style=\"text-align: justify;\">La presentaci\u00f3n en nuestra ciudad del \u201cmagn\u00edfico Cinemat\u00f3grafo Olimpia\u201d se produjo el viernes 9 de agosto, program\u00e1ndose tres sesiones diarias, a las 9, 10 y 11 de la noche. El \u00e9xito fue total: \u201cTodos los cuadros presentados fueron del agrado del p\u00fablico, el cual pas\u00f3 un rato muy agradable, presenciando un espect\u00e1culo tan bonito. El se\u00f1or Gil, due\u00f1o del cinemat\u00f3grafo, se propone no presentar m\u00e1s que aquellas pel\u00edculas cuyos asuntos no ofendan a la moral, y este es un precedente para que los padres de familia lleven a sus hijas sin escr\u00fapulos de ninguna especie\u201d. Pasada la novedad de la primera semana, las proyecciones continuaron con notable afluencia de espectadores, \u201ctanto, que algunas secciones se cuentan por llenos completos\u201d, aunque tambi\u00e9n comenzaron a parecer los primeros comentarios negativos, no referidos a la calidad de las pel\u00edculas o del proyector, sino a la debilidad del suministro el\u00e9ctrico: \u201clas pel\u00edculas presentadas hasta ahora son muy bonitas, habiendo gustado mucho. L\u00e1stima que al aparato de proyecci\u00f3n no pueda d\u00e1rsele toda la intensidad necesaria, para que los cuadros resultasen con m\u00e1s claridad y por tanto de mayor efecto lum\u00ednico. Pero este defecto no es causa del aparato del se\u00f1or Gil, y s\u00ed de la f\u00e1brica que suministra el fluido el\u00e9ctrico que no puede ceder m\u00e1s cantidad\u201d.<br \/>\nPara incrementar la atenci\u00f3n del p\u00fablico, a comienzos de septiembre el empresario introdujo una importante novedad, consistiendo en incorporar \u201ccomo n\u00famero final de cada secci\u00f3n\u201d una actuaci\u00f3n musical a cargo de \u201cafamadas coupletistas\u201d, pasando a ser dos las sesiones diarias. Las primeras en actuar fueron las conocidas \u201cHermanas Lul\u00fa\u201d, directamente tra\u00eddas del Sal\u00f3n Actualidades, en la madrile\u00f1a calle de Alcal\u00e1. Tambi\u00e9n esta modalidad de programaci\u00f3n satisfizo al p\u00fablico, que continu\u00f3 asistiendo al local, m\u00e1s atra\u00eddos por las actuaciones musicales que por las pel\u00edculas: \u201cTodas las noches concurre bastante p\u00fablico a las dos secciones para admirar la gracia y desenvoltura de las hermanas Lul\u00fa, que est\u00e1n haciendo verdaderos prodigios de arte. Felicitamos al se\u00f1or Gil y al p\u00fablico inteligente que sabe apreciar lo que vale\u201d.<br \/>\nEl Cinemat\u00f3grafo Olimpia continu\u00f3 sus exhibiciones hasta la feria de octubre, comenzando a continuaci\u00f3n una gira por diversos lugares: \u201cLas novedades que presente el se\u00f1or Gil, ser\u00e1n conocidas tambi\u00e9n en estos pueblos comarcanos, donde pasar\u00e1 algunas temporadas\u201d. Su vacante en el teatro fue ocupada por la prestigiosa Compa\u00f1\u00eda L\u00edrica dirigida por Cesar Muro, que deleit\u00f3 al p\u00fablico caravaque\u00f1o con su repertorio de zarzuelas y comedias musicales.<br \/>\nLas siguientes noticias que conozco est\u00e1n fechadas en septiembre de 1908, aludiendo al \u00e9xito obtenido por las pel\u00edculas proyectadas: \u201cEl s\u00e1bado tambi\u00e9n hubo funci\u00f3n, gustando mucho las cintas y muy especialmente la que lleva por t\u00edtulo &lt;&lt;Los piratas o la novia del marino&gt;&gt;, que entusiasm\u00f3 vivamente al p\u00fablico\u201d y en mayo de 1909, en que \u201cteniendo que reanudarse las secciones cinematogr\u00e1ficas del Teatro Thuillier y en vista del poqu\u00edsimo fluido con que contaba\u201d se adquiri\u00f3 \u201cuna magn\u00edfica dinamo suficiente no solo para iluminar el teatro, sino tambi\u00e9n las calles pr\u00f3ximas a \u00e9l\u201d.<\/p>\n<p style=\"text-align: justify;\">Fuente: <a href=\"http:\/\/www.elnoroestedigital.com\">www.elnoroestedigital.com<\/a><\/p>\n","protected":false},"excerpt":{"rendered":"<p>Os dejamos aqu\u00ed un interesante art\u00edculo del archivero municipal Francisco Fern\u00e1ndez sobre los comienzos de la exhibici\u00f3n cinematogr\u00e1fica en Caravaca. Precisamente fue en el mes de junio de comienzos del siglo XX cuando el caravaque\u00f1o Genaro Mart\u00ednez-Egea adquiri\u00f3 un proyector y pel\u00edculas en Par\u00eds, y las present\u00f3 en el teatro Thuillier (entonces todav\u00eda no se [&hellip;]<\/p>\n","protected":false},"author":2,"featured_media":0,"comment_status":"open","ping_status":"open","sticky":false,"template":"","format":"standard","meta":{"footnotes":""},"categories":[2126,1],"tags":[],"class_list":["post-5980","post","type-post","status-publish","format-standard","hentry","category-espanol","category-sin-categoria"],"_links":{"self":[{"href":"https:\/\/www.turismocaravaca.com\/blog\/wp-json\/wp\/v2\/posts\/5980"}],"collection":[{"href":"https:\/\/www.turismocaravaca.com\/blog\/wp-json\/wp\/v2\/posts"}],"about":[{"href":"https:\/\/www.turismocaravaca.com\/blog\/wp-json\/wp\/v2\/types\/post"}],"author":[{"embeddable":true,"href":"https:\/\/www.turismocaravaca.com\/blog\/wp-json\/wp\/v2\/users\/2"}],"replies":[{"embeddable":true,"href":"https:\/\/www.turismocaravaca.com\/blog\/wp-json\/wp\/v2\/comments?post=5980"}],"version-history":[{"count":1,"href":"https:\/\/www.turismocaravaca.com\/blog\/wp-json\/wp\/v2\/posts\/5980\/revisions"}],"predecessor-version":[{"id":5983,"href":"https:\/\/www.turismocaravaca.com\/blog\/wp-json\/wp\/v2\/posts\/5980\/revisions\/5983"}],"wp:attachment":[{"href":"https:\/\/www.turismocaravaca.com\/blog\/wp-json\/wp\/v2\/media?parent=5980"}],"wp:term":[{"taxonomy":"category","embeddable":true,"href":"https:\/\/www.turismocaravaca.com\/blog\/wp-json\/wp\/v2\/categories?post=5980"},{"taxonomy":"post_tag","embeddable":true,"href":"https:\/\/www.turismocaravaca.com\/blog\/wp-json\/wp\/v2\/tags?post=5980"}],"curies":[{"name":"wp","href":"https:\/\/api.w.org\/{rel}","templated":true}]}}