{"id":602,"date":"2012-07-27T15:36:07","date_gmt":"2012-07-27T15:36:07","guid":{"rendered":"http:\/\/turismocaravaca.wordpress.com\/?p=602"},"modified":"2017-09-04T16:38:23","modified_gmt":"2017-09-04T16:38:23","slug":"volvemos-con-los-lunes-de-cine","status":"publish","type":"post","link":"https:\/\/www.turismocaravaca.com\/blog\/volvemos-con-los-lunes-de-cine\/","title":{"rendered":"VOLVEMOS CON LOS LUNES DE CINE!!"},"content":{"rendered":"<p style=\"text-align:justify;\">\u00a0\u00a0\u00a0\u00a0 Tras una semana de teatro apasionante en Caravaca, volvemos con nuestros <strong>Lunes de Cine<\/strong>.<\/p>\n<p style=\"text-align:justify;\">\u00a0<\/p>\n<p style=\"text-align:justify;\"><a href=\"http:\/\/localhost:81\/turismo\/blog\/wp-content\/uploads\/2012\/07\/logo-cine11.jpg\"><img loading=\"lazy\" decoding=\"async\" class=\"alignleft size-full wp-image-603\" title=\"logo-cine1[1]\" src=\"http:\/\/localhost:81\/turismo\/blog\/wp-content\/uploads\/2012\/07\/logo-cine11.jpg\" alt=\"\" width=\"81\" height=\"94\" \/><\/a><\/p>\n<p style=\"text-align:justify;\">\u00a0\u00a0\u00a0\u00a0 Como no pod\u00eda ser menos, este <strong>lunes d\u00eda 30 de julio<\/strong> estrenamos la divertida comedia <strong>El Dictador, <\/strong>una pel\u00edcula con muy buenas cr\u00edticas, que se estren\u00f3 en toda Espa\u00f1a el pasado d\u00eda 13 de julio y que a\u00fan est\u00e1 en cartel en las principales ciudades.<\/p>\n<p style=\"text-align:justify;\">\u00a0\u00a0<\/p>\n<p style=\"text-align:justify;\">\u00a0\u00a0 \u201cEl dictador\u201d nos cuenta la historia de un dictador que hace todo lo posible para que la democracia no llegue a su pa\u00eds. Sacha Baron Cohen\u00a0se mete ahora en la autocr\u00e1tica piel del almirante general Haffaz Aladeen. Rico en petr\u00f3leo y bastante aislado, el estado norteafricano de Wadiya lleva siendo gobernado por el vehementemente antioccidental Aladeen desde que \u00e9ste ten\u00eda seis a\u00f1os, cuando fue nombrado l\u00edder supremo tras la desafortunada muerte de su padre, muerto por desgracia en un accidente de caza, alcanzado por 97 balas y una granada de mano.<img loading=\"lazy\" decoding=\"async\" class=\"aligncenter size-full wp-image-604\" title=\"V\" src=\"http:\/\/turismocaravaca.files.wordpress.com\/2012\/07\/v.jpg\" alt=\"\" width=\"193\" height=\"262\" \/><\/p>\n<p style=\"text-align:justify;\">\u00a0\u00a0\u00a0\u00a0 Desde que accedi\u00f3 al poder absoluto, el consejero de m\u00e1s confianza de Aladeen es su t\u00edo Tamir, quien ejerce de jefe de la polic\u00eda secreta, jefe de seguridad y proveedor de mujeres. Por desgracia para Aladeen y sus consejeros, el muy vilipendiado Occidente ha comenzado a meter las narices en los asuntos de Wadiya, y las Naciones Unidas han sancionado repetidas veces al pa\u00eds en la \u00faltima d\u00e9cada, pero el dictador no va a consentir que un inspector del Consejo de Seguridad entre en sus instalaciones secretas de armamento (\u00bfes que acaso no saben lo que quiere decir \u201csecreto\u201d?). Pero despu\u00e9s de que un intento de asesinarle le cueste la vida a otro de los ac\u00f3litos del l\u00edder supremo, Tamir convence a Aladeen de que vaya a Nueva York a solucionar la cuesti\u00f3n de las Naciones Unidas. Y as\u00ed, el general Aladeen, Tamir y su s\u00e9quito llegan a Nueva <a href=\"http:\/\/localhost:81\/turismo\/blog\/wp-content\/uploads\/2012\/07\/images4.jpg\"><img loading=\"lazy\" decoding=\"async\" class=\"alignright  wp-image-605\" title=\"images[4]\" src=\"http:\/\/localhost:81\/turismo\/blog\/wp-content\/uploads\/2012\/07\/images4.jpg\" alt=\"\" width=\"160\" height=\"132\" \/><\/a>York, donde no son muy bien recibidos, pues la ciudad est\u00e1 repleta de exiliados de Wadiya cuyo mayor deseo es ver a su pa\u00eds libre del desp\u00f3tico r\u00e9gimen de Aladeen. Pero en la tierra de la libertad, a Aladeen le esperan muchas m\u00e1s cosas que unos cuantos expatriados furiosos y algunas sanciones indeseadas.<\/p>\n<p style=\"text-align:justify;\"><strong>\u00a1\u00a1No te la pierdas!!, se proyectar\u00e1 el lunes 30 de julio a las 21 horas, en el Teatro Thuillier de Caravaca de la Cruz.<\/strong><\/p>\n","protected":false},"excerpt":{"rendered":"<p>\u00a0\u00a0\u00a0\u00a0 Tras una semana de teatro apasionante en Caravaca, volvemos con nuestros Lunes de Cine. \u00a0 \u00a0\u00a0\u00a0\u00a0 Como no pod\u00eda ser menos, este lunes d\u00eda 30 de julio estrenamos la divertida comedia El Dictador, una pel\u00edcula con muy buenas cr\u00edticas, que se estren\u00f3 en toda Espa\u00f1a el pasado d\u00eda 13 de julio y que a\u00fan [&hellip;]<\/p>\n","protected":false},"author":2,"featured_media":0,"comment_status":"open","ping_status":"open","sticky":false,"template":"","format":"standard","meta":{"footnotes":""},"categories":[3,2126,34],"tags":[364,475,511,704,770,849,1620],"class_list":["post-602","post","type-post","status-publish","format-standard","hentry","category-actividades","category-espanol","category-uncategorized","tag-caravaca-de-la-cruz","tag-cine","tag-comedia","tag-dictador","tag-el-dictador","tag-estreno","tag-principales-ciudades"],"_links":{"self":[{"href":"https:\/\/www.turismocaravaca.com\/blog\/wp-json\/wp\/v2\/posts\/602"}],"collection":[{"href":"https:\/\/www.turismocaravaca.com\/blog\/wp-json\/wp\/v2\/posts"}],"about":[{"href":"https:\/\/www.turismocaravaca.com\/blog\/wp-json\/wp\/v2\/types\/post"}],"author":[{"embeddable":true,"href":"https:\/\/www.turismocaravaca.com\/blog\/wp-json\/wp\/v2\/users\/2"}],"replies":[{"embeddable":true,"href":"https:\/\/www.turismocaravaca.com\/blog\/wp-json\/wp\/v2\/comments?post=602"}],"version-history":[{"count":1,"href":"https:\/\/www.turismocaravaca.com\/blog\/wp-json\/wp\/v2\/posts\/602\/revisions"}],"predecessor-version":[{"id":6234,"href":"https:\/\/www.turismocaravaca.com\/blog\/wp-json\/wp\/v2\/posts\/602\/revisions\/6234"}],"wp:attachment":[{"href":"https:\/\/www.turismocaravaca.com\/blog\/wp-json\/wp\/v2\/media?parent=602"}],"wp:term":[{"taxonomy":"category","embeddable":true,"href":"https:\/\/www.turismocaravaca.com\/blog\/wp-json\/wp\/v2\/categories?post=602"},{"taxonomy":"post_tag","embeddable":true,"href":"https:\/\/www.turismocaravaca.com\/blog\/wp-json\/wp\/v2\/tags?post=602"}],"curies":[{"name":"wp","href":"https:\/\/api.w.org\/{rel}","templated":true}]}}