{"id":6039,"date":"2017-06-29T10:13:39","date_gmt":"2017-06-29T10:13:39","guid":{"rendered":"http:\/\/www.turismocaravaca.com\/blog\/?p=6039"},"modified":"2017-09-04T16:53:05","modified_gmt":"2017-09-04T16:53:05","slug":"confirmacion-de-privilegios-a-la-villa-de-caravaca-por-los-reyes-catolicos","status":"publish","type":"post","link":"https:\/\/www.turismocaravaca.com\/blog\/confirmacion-de-privilegios-a-la-villa-de-caravaca-por-los-reyes-catolicos\/","title":{"rendered":"Confirmaci\u00f3n de privilegios a la villa de Caravaca por los Reyes Cat\u00f3licos"},"content":{"rendered":"<p style=\"text-align: justify;\">1494, junio, 6, Tordesillas.<\/p>\n<p style=\"text-align: justify;\">1 cuadernillo en pergamino 37 x 27 ctms, 6 fols.Signatura: A.M.C., Perg. 5<\/p>\n<p style=\"text-align: justify;\">Texto explicativo del documento:<\/p>\n<p style=\"text-align: justify;\">Los Reyes Cat\u00f3licos incorporaron los maestrazgos de las \u00f3rdenes militares a la Corona. En este sentido y actuando como maestres de la Orden de Santiago se dirigen al Concejo de Caravaca ante petici\u00f3n de este para confirmar los privilegios que hab\u00edan concedido sus predecesores.<\/p>\n<p style=\"text-align: justify;\"><img loading=\"lazy\" decoding=\"async\" class=\"aligncenter wp-image-6041 size-full\" src=\"https:\/\/www.turismocaravaca.com\/blog\/wp-content\/uploads\/2017\/06\/Confirmacion-de-privilegios.jpg\" alt=\"Confirmacion-de-privilegios\" width=\"444\" height=\"600\" srcset=\"https:\/\/www.turismocaravaca.com\/blog\/wp-content\/uploads\/2017\/06\/Confirmacion-de-privilegios.jpg 444w, https:\/\/www.turismocaravaca.com\/blog\/wp-content\/uploads\/2017\/06\/Confirmacion-de-privilegios-222x300.jpg 222w\" sizes=\"(max-width: 444px) 100vw, 444px\" \/><\/p>\n<p style=\"text-align: justify;\">En este documento don Fernando y do\u00f1a Isabel confirman en primer lugar la carta de privilegios otorgada por el maestre don Alonso de C\u00e1rdenas fechada el 3 de mayo de 1480 que a su vez confirma la del maestre don Juan Garc\u00eda de 27 de noviembre de 1354 y tambi\u00e9n la otorgada por el infante don Enrique que confirma la del maestre don Lorenzo Su\u00e1rez de Figueroa fechada en M\u00e9rida el 25 de marzo de 1403 que hace lo propio con la concedida por el maestre don Ferr\u00e1n Osorez en 1379. Estos privilegios consist\u00edan en la mitad del molino, la mitad del horno, la mitad del bat\u00e1n, la mitad del montazgo, la mitad de las limosnas que se diesen a la Vera Cruz, el amojonamiento de la dehesa y la prohibici\u00f3n de entrar en ella ganado sin autorizaci\u00f3n.<\/p>\n<p style=\"text-align: justify;\">Posteriormente confirman una carta del maestre don Alonso de C\u00e1rdenas de 4 de mayo 1480 que a su vez lo hace con otra del Infante don Enrique, maestre de Santiago, fechada en Ucl\u00e9s el 8 de noviembre de 1440 en la que ante las quejas del concejo de Ceheg\u00edn ratifica que dicha villa no pertenece a Caravaca reconoci\u00e9ndole el derecho a tener gobierno propio. En cuanto a los problemas de t\u00e9rminos suscitados entre ambas villas y que fueron causa de gran n\u00famero de pleitos, dispone la vigencia de la antigua composici\u00f3n firmada entre ambas y que permite al Concejo de Ceheg\u00edn el derecho al montazgo desde la rambla de la fuente de los ballesteros hasta el valle de Burete en el termino de Lorca, orden\u00e1ndose la colocaci\u00f3n de un moj\u00f3n en la fuente de don Gil y de otro paralelo a este en la sierra, siendo de Ceheg\u00edn el r\u00edo a partir de los referidos mojones. Permite igualmente a los habitantes de ambos t\u00e9rminos la instalaci\u00f3n de pegueras, la caza y la corta y venta de pinos en el territorio de Bullas, pudiendo tambi\u00e9n aprovechar sus minerales siempre que lo hagan de forma conjunta. Concluye autorizando a los vecinos de ambas villas a poder entrar con los ganados en el t\u00e9rmino del otro.<\/p>\n<p style=\"text-align: justify;\"><img loading=\"lazy\" decoding=\"async\" class=\"aligncenter wp-image-6040 size-full\" src=\"https:\/\/www.turismocaravaca.com\/blog\/wp-content\/uploads\/2017\/06\/12.Confirmacion-de-privileg.jpg\" alt=\"12.Confirmacion-de-privileg\" width=\"217\" height=\"300\" \/><\/p>\n<p style=\"text-align: justify;\">Estos privilegios fueron posteriormente confirmados por Carlos I y Felipe II, actuando tambi\u00e9n como maestre de la Orden de Santiago, conserv\u00e1ndose todos en el Archivo Municipal de Caravaca de la Cruz.<\/p>\n<p style=\"text-align: justify;\">Fuente: murcia.com<\/p>\n<p style=\"text-align: justify;\">\n","protected":false},"excerpt":{"rendered":"<p>1494, junio, 6, Tordesillas. 1 cuadernillo en pergamino 37 x 27 ctms, 6 fols.Signatura: A.M.C., Perg. 5 Texto explicativo del documento: Los Reyes Cat\u00f3licos incorporaron los maestrazgos de las \u00f3rdenes militares a la Corona. En este sentido y actuando como maestres de la Orden de Santiago se dirigen al Concejo de Caravaca ante petici\u00f3n de [&hellip;]<\/p>\n","protected":false},"author":2,"featured_media":0,"comment_status":"open","ping_status":"open","sticky":false,"template":"","format":"standard","meta":{"footnotes":""},"categories":[2126,1],"tags":[],"class_list":["post-6039","post","type-post","status-publish","format-standard","hentry","category-espanol","category-sin-categoria"],"_links":{"self":[{"href":"https:\/\/www.turismocaravaca.com\/blog\/wp-json\/wp\/v2\/posts\/6039"}],"collection":[{"href":"https:\/\/www.turismocaravaca.com\/blog\/wp-json\/wp\/v2\/posts"}],"about":[{"href":"https:\/\/www.turismocaravaca.com\/blog\/wp-json\/wp\/v2\/types\/post"}],"author":[{"embeddable":true,"href":"https:\/\/www.turismocaravaca.com\/blog\/wp-json\/wp\/v2\/users\/2"}],"replies":[{"embeddable":true,"href":"https:\/\/www.turismocaravaca.com\/blog\/wp-json\/wp\/v2\/comments?post=6039"}],"version-history":[{"count":1,"href":"https:\/\/www.turismocaravaca.com\/blog\/wp-json\/wp\/v2\/posts\/6039\/revisions"}],"predecessor-version":[{"id":6042,"href":"https:\/\/www.turismocaravaca.com\/blog\/wp-json\/wp\/v2\/posts\/6039\/revisions\/6042"}],"wp:attachment":[{"href":"https:\/\/www.turismocaravaca.com\/blog\/wp-json\/wp\/v2\/media?parent=6039"}],"wp:term":[{"taxonomy":"category","embeddable":true,"href":"https:\/\/www.turismocaravaca.com\/blog\/wp-json\/wp\/v2\/categories?post=6039"},{"taxonomy":"post_tag","embeddable":true,"href":"https:\/\/www.turismocaravaca.com\/blog\/wp-json\/wp\/v2\/tags?post=6039"}],"curies":[{"name":"wp","href":"https:\/\/api.w.org\/{rel}","templated":true}]}}