{"id":6044,"date":"2017-07-04T08:50:50","date_gmt":"2017-07-04T08:50:50","guid":{"rendered":"http:\/\/www.turismocaravaca.com\/blog\/?p=6044"},"modified":"2017-09-04T16:53:05","modified_gmt":"2017-09-04T16:53:05","slug":"los-caballos-del-vino-abren-la-nueva-temporada-del-programa-comando-actualidad","status":"publish","type":"post","link":"https:\/\/www.turismocaravaca.com\/blog\/los-caballos-del-vino-abren-la-nueva-temporada-del-programa-comando-actualidad\/","title":{"rendered":"Los Caballos del Vino abren la nueva temporada del programa \u2018Comando Actualidad\u2019"},"content":{"rendered":"<p><strong>El reportaje grabado durante las pasadas fiestas patronales se emite hoy, martes 4 de julio, a las 22.30, por La 1 de TVE<\/strong><\/p>\n<p style=\"text-align: justify;\"><strong>\u00a0<img loading=\"lazy\" decoding=\"async\" class=\"aligncenter wp-image-6048\" src=\"https:\/\/www.turismocaravaca.com\/blog\/wp-content\/uploads\/2017\/07\/ComandoAlSol-1-150x150.jpg\" alt=\"ComandoAlSol\" width=\"298\" height=\"298\" \/><\/strong>Los Caballos del Vino comenzaron el pasado 4 de julio la nueva temporada del programa \u2018Comando Actualidad\u2019. El reportaje, rodado durante la celebraci\u00f3n de las pasadas fiestas patronales, se emiti\u00f3 en \u00abLa 1\u00bb de Televisi\u00f3n Espa\u00f1ola.<\/p>\n<p style=\"text-align: justify;\">\u00a0\u00a0\u00a0\u00a0\u00a0\u00a0\u00a0\u00a0\u00a0\u00a0\u00a0 El equipo de \u2018Comando Actualidad\u2019 desplazado a Caravaca de la Cruz el pasado 30 de abril y 1 y 2 de mayo tuvo la oportunidad de hablar con varias personas que intervienen directamente en la preparaci\u00f3n y desarrollo del festejo, como las bordadoras de la pe\u00f1a Jeque Lola Mart\u00ednez y Adela Castillo, el componente de la pe\u00f1a Mini-P\u00faa Juan Carlos Mar\u00edn o el coordinador del Museo de Caballos del Vino y corredor de la pe\u00f1a caballista J\u00fapiter, Juan L\u00f3pez \u2018Casicas\u2019.<\/p>\n<p style=\"text-align: justify;\"><img loading=\"lazy\" decoding=\"async\" class=\"aligncenter wp-image-6046\" src=\"https:\/\/www.turismocaravaca.com\/blog\/wp-content\/uploads\/2017\/07\/comandoactualidad03-150x150.jpg\" alt=\"comandoactualidad03\" width=\"231\" height=\"231\" \/><\/p>\n<p style=\"text-align: justify;\">\u00a0\u00a0\u00a0\u00a0\u00a0\u00a0\u00a0\u00a0\u00a0\u00a0\u00a0 Desde el programa \u2018Comando Actualidad\u2019 citan a los Caballos del Vino, como \u201cuna las fiestas m\u00e1s emocionantes y vertiginosas de cuantas se celebran en Espa\u00f1a, actualmente candidatas a ser declaradas Patrimonio Cultural Inmaterial de la Humanidad por la UNESCO\u201d.<\/p>\n<p style=\"text-align: justify;\">\u201cEn un verano en el que el turismo amenaza con batir un nuevo record de llegadas (se espera que acabemos el a\u00f1o con 83 millones de visitas), en Comando al Sol queremos batir record de espectadores. Comenzamos nuestro periplo con un veraneo de primera categor\u00eda, mostrando las mejores playas, las fiestas emocionantes y los destinos desconocidos\u201d, han destacado desde la direcci\u00f3n del programa.<\/p>\n<p style=\"text-align: justify;\">\u00a0\u00a0\u00a0\u00a0\u00a0\u00a0\u00a0\u00a0\u00a0\u00a0\u00a0 Junto a los Caballos del Vino, fueron protagonistas de este primer programa de verano de \u2018Comando Actualidad\u2019 la playa Torre del Mar de M\u00e1laga, una de las playas culpables de que Espa\u00f1a est\u00e9 en lo m\u00e1s alto del escalaf\u00f3n mundial de las banderas azules, y la Boro\u00f1a de Torazo, una receta tradicional asturiana.<\/p>\n<p style=\"text-align: justify;\"><strong>Os dejamos el enlace para que pod\u00e1is ver el programa, a partir del minuto 21&#8217;35\u00bb <\/strong><\/p>\n<p><a class=\"twitter-timeline-link\" dir=\"ltr\" title=\"http:\/\/rtve.es\/v\/4098179\" href=\"https:\/\/t.co\/PzFWlaf808\" target=\"_blank\" rel=\"nofollow noopener\" data-expanded-url=\"http:\/\/rtve.es\/v\/4098179\"><span class=\"invisible\">http:\/\/<\/span><span class=\"js-display-url\">rtve.es\/v\/4098179<\/span><span class=\"tco-ellipsis\"><span class=\"invisible\">\u00a0<\/span><\/span><\/a> v\u00eda <a class=\"twitter-atreply pretty-link js-nav\" dir=\"ltr\" href=\"https:\/\/twitter.com\/rtve\" data-mentioned-user-id=\"26729931\"><s>@<\/s><b>rtve<\/b><\/a><\/p>\n<p>&nbsp;<\/p>\n<p>&nbsp;<\/p>\n<p>&nbsp;<\/p>\n","protected":false},"excerpt":{"rendered":"<p>El reportaje grabado durante las pasadas fiestas patronales se emite hoy, martes 4 de julio, a las 22.30, por La 1 de TVE \u00a0Los Caballos del Vino comenzaron el pasado 4 de julio la nueva temporada del programa \u2018Comando Actualidad\u2019. El reportaje, rodado durante la celebraci\u00f3n de las pasadas fiestas patronales, se emiti\u00f3 en \u00abLa [&hellip;]<\/p>\n","protected":false},"author":2,"featured_media":0,"comment_status":"open","ping_status":"open","sticky":false,"template":"","format":"standard","meta":{"footnotes":""},"categories":[2126,1],"tags":[],"class_list":["post-6044","post","type-post","status-publish","format-standard","hentry","category-espanol","category-sin-categoria"],"_links":{"self":[{"href":"https:\/\/www.turismocaravaca.com\/blog\/wp-json\/wp\/v2\/posts\/6044"}],"collection":[{"href":"https:\/\/www.turismocaravaca.com\/blog\/wp-json\/wp\/v2\/posts"}],"about":[{"href":"https:\/\/www.turismocaravaca.com\/blog\/wp-json\/wp\/v2\/types\/post"}],"author":[{"embeddable":true,"href":"https:\/\/www.turismocaravaca.com\/blog\/wp-json\/wp\/v2\/users\/2"}],"replies":[{"embeddable":true,"href":"https:\/\/www.turismocaravaca.com\/blog\/wp-json\/wp\/v2\/comments?post=6044"}],"version-history":[{"count":6,"href":"https:\/\/www.turismocaravaca.com\/blog\/wp-json\/wp\/v2\/posts\/6044\/revisions"}],"predecessor-version":[{"id":6051,"href":"https:\/\/www.turismocaravaca.com\/blog\/wp-json\/wp\/v2\/posts\/6044\/revisions\/6051"}],"wp:attachment":[{"href":"https:\/\/www.turismocaravaca.com\/blog\/wp-json\/wp\/v2\/media?parent=6044"}],"wp:term":[{"taxonomy":"category","embeddable":true,"href":"https:\/\/www.turismocaravaca.com\/blog\/wp-json\/wp\/v2\/categories?post=6044"},{"taxonomy":"post_tag","embeddable":true,"href":"https:\/\/www.turismocaravaca.com\/blog\/wp-json\/wp\/v2\/tags?post=6044"}],"curies":[{"name":"wp","href":"https:\/\/api.w.org\/{rel}","templated":true}]}}