{"id":6055,"date":"2017-07-06T09:31:38","date_gmt":"2017-07-06T09:31:38","guid":{"rendered":"http:\/\/www.turismocaravaca.com\/blog\/?p=6055"},"modified":"2017-09-04T16:53:05","modified_gmt":"2017-09-04T16:53:05","slug":"belen-lopez-figura-del-flamenco-en-la-explanada-del-castillo-de-caravaca-de-la-cruz","status":"publish","type":"post","link":"https:\/\/www.turismocaravaca.com\/blog\/belen-lopez-figura-del-flamenco-en-la-explanada-del-castillo-de-caravaca-de-la-cruz\/","title":{"rendered":"Bel\u00e9n L\u00f3pez, figura del flamenco, en la explanada del Castillo de Caravaca de la Cruz"},"content":{"rendered":"<p>&nbsp;<\/p>\n<p>&nbsp;<\/p>\n<h3 class=\"h3_desarrollo\"><\/h3>\n<h3 class=\"h3_desarrollo\"><img loading=\"lazy\" decoding=\"async\" class=\"aligncenter wp-image-6058 size-large\" src=\"https:\/\/www.turismocaravaca.com\/blog\/wp-content\/uploads\/2017\/07\/Bel\u00e9n-L\u00f3pez-1-724x1024.jpg\" alt=\"Bel\u00e9n L\u00f3pez\" width=\"724\" height=\"1024\" srcset=\"https:\/\/www.turismocaravaca.com\/blog\/wp-content\/uploads\/2017\/07\/Bel\u00e9n-L\u00f3pez-1-724x1024.jpg 724w, https:\/\/www.turismocaravaca.com\/blog\/wp-content\/uploads\/2017\/07\/Bel\u00e9n-L\u00f3pez-1-212x300.jpg 212w, https:\/\/www.turismocaravaca.com\/blog\/wp-content\/uploads\/2017\/07\/Bel\u00e9n-L\u00f3pez-1-768x1086.jpg 768w\" sizes=\"(max-width: 724px) 100vw, 724px\" \/><\/h3>\n<h3 class=\"h3_desarrollo\"><\/h3>\n<h3 class=\"h3_desarrollo\">Biograf\u00eda:<\/h3>\n<p style=\"text-align: justify;\">Bel\u00e9n L\u00f3pez naci\u00f3 en Tarragona en diciembre de 1986.<br \/>\nCon 5 a\u00f1os actu\u00f3 en presencia de Antonio Ruiz \u00abel bailar\u00edn\u00bb, Pilar L\u00f3pez y el se\u00f1or Pasqual Maragall en un homenaje con motivo de la inauguraci\u00f3n de una calle a la c\u00e9lebre Carmen Amaya, en Barcelona.<br \/>\n1993. A los 7 a\u00f1os gan\u00f3 el concurso televisivo \u00abBravo Brav\u00edsimo\u00bb y actu\u00f3 junto a \u00c1ngel Corella en el Teatro Madrid (Madrid).<br \/>\nEn el mes de diciembre de 1994 fue invitada por el bailar\u00edn internacional Angel Corella para actuar junto a \u00e9l, en un espect\u00e1culo a beneficio de UNICEF, presentado por Concha Gal\u00e1n en el TEATRO DE NADRID.<br \/>\n1995. Ten\u00eda 9 a\u00f1os cuando represent\u00f3 a Espa\u00f1a en la Feria Internacional de Turismo \u00abInturfest\u00bb en San Petersburgo (Rusia).<br \/>\nEn diciembre de 1995 un canal de la Televisi\u00f3n de Corea se desplaz\u00f3 hasta Tarragona, para hacerle un reportaje para el programa \u00abLOS MEJORES DEL MUNDO\u00bb. En el mismo a\u00f1o, con motivo de la inauguraci\u00f3n de Mc Donal&#8217;s en Tarragona, fue nombrada Madrina de Honor y adem\u00e1s, fue nombrada \u00abESTRELLA DE LA COSTA\u00bb por la asociaci\u00f3n de Peix Blau de la Costa Dorada.<br \/>\nEn agosto del 96 actu\u00f3 como invitada de honor en una gala en Tenerife organizada por Andr\u00e9s Caparr\u00f3s. Meses m\u00e1s tarde actu\u00f3 ante representantes del departamento de turismo ruso a instancias del Ayuntamiento de Tarragona.<br \/>\nEn febrero del 97 estuvo actuando en SANT PETERSBURGO, en la FERIA INTERNACIONAL DE TURISMO \u00abINTURFEST\u00bb, as\u00ed como en diversas embajadas y palacios.<\/p>\n<p><iframe loading=\"lazy\" width=\"768\" height=\"432\" src=\"https:\/\/www.youtube.com\/embed\/56pjR64lvIE?feature=oembed\" frameborder=\"0\" allowfullscreen><\/iframe><\/p>\n<p style=\"text-align: justify;\">\nDesde que se instal\u00f3 en Madrid en 1999, ha actuado repetidamente en diversos Tablaos Flamencos.<br \/>\nEs Primera Bailarina de la ARENA DE VERONA desde el a\u00f1o 2001 hasta la fecha, con las \u00f3peras CARMEN y EL TROVATORE, dirigidas por Franco Zefirelli y Primera Bailarina de la compa\u00f1\u00eda LA CORRALA DE LA DANZA dirigida por IL CAMBORIO con giras por toda Italia.<br \/>\nEn abril de 2003 actu\u00f3 en la Embajada Rusa en Madrid. Fue durante algunos meses primera figura del CORRAL DE LA MORERIA en Madrid.<br \/>\nEn mayo de 2004 obtuvo el Premio Nacional de Flamenco \u00abMario Maya\u00bb y en marzo de 2005 es galardonada con el Premio al Artista Revelaci\u00f3n otorgado por el Corral de la Pacheca. El 3 de octubre de 2003 actu\u00f3 como \u00fanica bailarina en una en una gala ben\u00e9fica, en el TEATRO DE LA ZARZUELA de Madrid, acompa\u00f1ada de dos pianos en presencia de S.S.M.M. la Reina Do\u00f1a Sof\u00eda.<\/p>\n<p>Present\u00f3 un espect\u00e1culo junto a Juan Andr\u00e9s Maya en el Corral de la Morer\u00eda, hasta finales de mayo, puesto que en junio, julio y agosto estuvo como Primera Bailarina en la Arena de Verona, en la \u00f3pera \u00abIl Trovatore\u00bb, dirigida por Franco Zefirelli y haciendo gira por Italia como Primera Bailarina con la Compa\u00f1\u00eda de Il Camborio.<br \/>\nEn febrero de 2006 act\u00faa en el Festival de Jerez dentro del ciclo \u00abLos nov\u00edsimos\u00bb y en abril en \u00abLa Biennale danza e Italia\u00bb de Pessaro (Italia).<\/p>\n<p>Primera bailarina (cuatro temporadas) en la Arena di Verona (Italia), Primera bailarina de la compa\u00f1\u00eda de \u00abIl Camborio\u00bb y Bailaora Primera Figura en el Corral de la Morer\u00eda.<\/p>\n<p style=\"text-align: justify;\"><strong>Fuente: Deflamenco.com<\/strong><\/p>\n","protected":false},"excerpt":{"rendered":"<p>&nbsp; &nbsp; Biograf\u00eda: Bel\u00e9n L\u00f3pez naci\u00f3 en Tarragona en diciembre de 1986. Con 5 a\u00f1os actu\u00f3 en presencia de Antonio Ruiz \u00abel bailar\u00edn\u00bb, Pilar L\u00f3pez y el se\u00f1or Pasqual Maragall en un homenaje con motivo de la inauguraci\u00f3n de una calle a la c\u00e9lebre Carmen Amaya, en Barcelona. 1993. A los 7 a\u00f1os gan\u00f3 el [&hellip;]<\/p>\n","protected":false},"author":2,"featured_media":0,"comment_status":"open","ping_status":"open","sticky":false,"template":"","format":"standard","meta":{"footnotes":""},"categories":[2126,1],"tags":[],"class_list":["post-6055","post","type-post","status-publish","format-standard","hentry","category-espanol","category-sin-categoria"],"_links":{"self":[{"href":"https:\/\/www.turismocaravaca.com\/blog\/wp-json\/wp\/v2\/posts\/6055"}],"collection":[{"href":"https:\/\/www.turismocaravaca.com\/blog\/wp-json\/wp\/v2\/posts"}],"about":[{"href":"https:\/\/www.turismocaravaca.com\/blog\/wp-json\/wp\/v2\/types\/post"}],"author":[{"embeddable":true,"href":"https:\/\/www.turismocaravaca.com\/blog\/wp-json\/wp\/v2\/users\/2"}],"replies":[{"embeddable":true,"href":"https:\/\/www.turismocaravaca.com\/blog\/wp-json\/wp\/v2\/comments?post=6055"}],"version-history":[{"count":2,"href":"https:\/\/www.turismocaravaca.com\/blog\/wp-json\/wp\/v2\/posts\/6055\/revisions"}],"predecessor-version":[{"id":6060,"href":"https:\/\/www.turismocaravaca.com\/blog\/wp-json\/wp\/v2\/posts\/6055\/revisions\/6060"}],"wp:attachment":[{"href":"https:\/\/www.turismocaravaca.com\/blog\/wp-json\/wp\/v2\/media?parent=6055"}],"wp:term":[{"taxonomy":"category","embeddable":true,"href":"https:\/\/www.turismocaravaca.com\/blog\/wp-json\/wp\/v2\/categories?post=6055"},{"taxonomy":"post_tag","embeddable":true,"href":"https:\/\/www.turismocaravaca.com\/blog\/wp-json\/wp\/v2\/tags?post=6055"}],"curies":[{"name":"wp","href":"https:\/\/api.w.org\/{rel}","templated":true}]}}