{"id":611,"date":"2012-08-02T08:54:57","date_gmt":"2012-08-02T08:54:57","guid":{"rendered":"http:\/\/turismocaravaca.wordpress.com\/?p=611"},"modified":"2017-09-04T16:38:23","modified_gmt":"2017-09-04T16:38:23","slug":"mas-cine-en-el-teatro-thuillier-de-caravaca-de-la-cruz","status":"publish","type":"post","link":"https:\/\/www.turismocaravaca.com\/blog\/mas-cine-en-el-teatro-thuillier-de-caravaca-de-la-cruz\/","title":{"rendered":"M\u00e1s Cine en el Teatro Thuillier de Caravaca de la Cruz"},"content":{"rendered":"<p style=\"text-align:justify;\"><a href=\"http:\/\/localhost:81\/turismo\/blog\/wp-content\/uploads\/2012\/08\/logo-cine.jpg\"><img loading=\"lazy\" decoding=\"async\" class=\"alignnone  wp-image-624\" title=\"Logo Cine\" src=\"http:\/\/localhost:81\/turismo\/blog\/wp-content\/uploads\/2012\/08\/logo-cine.jpg?w=128\" alt=\"\" width=\"72\" height=\"78\" \/><\/a>S\u00ed amigos, porque esta semana no tendremos Cine solamente el lunes, tal y como est\u00e1bamos acostumbrados, sino que tambi\u00e9n este pr\u00f3ximo domingo\u2026te cuento:<\/p>\n<p style=\"text-align:justify;\"><strong>\u201cLos Vengadores\u201d,<\/strong> llega a la gran pantalla del Teatro Thuillier, repleta de acci\u00f3n y de espectaculares efectos especiales, <strong>el domingo 5 de agosto con un solo pase a las 20:30h., <\/strong>con el equipo de superh\u00e9roes m\u00e1s espectacular de todos los tiempos: Iron Man, El Incre\u00edble Hulk, Thor, Capit\u00e1n Am\u00e9rica, Ojo de Halc\u00f3n y Viuda Negra.<img loading=\"lazy\" decoding=\"async\" class=\"aligncenter size-medium wp-image-612\" title=\"Cartel Los Vengadores\" src=\"http:\/\/localhost:81\/turismo\/blog\/wp-content\/uploads\/2012\/08\/cartel-los-vengadores.jpg?w=202\" alt=\"\" width=\"202\" height=\"300\" srcset=\"https:\/\/www.turismocaravaca.com\/blog\/wp-content\/uploads\/2012\/08\/cartel-los-vengadores.jpg 400w, https:\/\/www.turismocaravaca.com\/blog\/wp-content\/uploads\/2012\/08\/cartel-los-vengadores-202x300.jpg 202w\" sizes=\"(max-width: 202px) 100vw, 202px\" \/><\/p>\n<p style=\"text-align:justify;\">Cuando un enemigo inesperado amenaza con poner en peligro la seguridad mundial, Nick Fury, Director de la agencia internacional para el mantenimiento de la Paz, conocida con el nombre de SHIELD, necesita encontrar urgentemente un equipo que salve al mundo del mayor de los desastres. As\u00ed empieza una b\u00fasqueda por todo el mundo para reclutar personal.<\/p>\n<p style=\"text-align:justify;\">\u00a0\u00a0\u00a0\u00a0\u00a0\u00a0\u00a0\u00a0\u00a0\u00a0\u00a0\u00a0\u00a0\u00a0\u00a0\u00a0\u00a0\u00a0\u00a0\u00a0\u00a0\u00a0\u00a0\u00a0\u00a0\u00a0\u00a0\u00a0\u00a0\u00a0\u00a0\u00a0\u00a0\u00a0\u00a0\u00a0\u00a0\u00a0\u00a0\u00a0\u00a0\u00a0 <a href=\"http:\/\/localhost:81\/turismo\/blog\/wp-content\/uploads\/2012\/08\/los-vengadores-1.jpg\"><img loading=\"lazy\" decoding=\"async\" class=\"alignnone  wp-image-614\" title=\"Los Vengadores-1\" src=\"http:\/\/localhost:81\/turismo\/blog\/wp-content\/uploads\/2012\/08\/los-vengadores-1.jpg?w=150\" alt=\"\" width=\"167\" height=\"123\" \/><\/a><\/p>\n<p style=\"text-align:justify;\"><strong>\u201cLos Vengadores\u201d,<\/strong> basada en la popular\u00edsima serie de c\u00f3mics de <em>Marvel, \u201cLos Vengadores\u201d,<\/em> que se public\u00f3 por primera vez en 1963 y que desde entonces tiene el estatus de c\u00f3mic cl\u00e1sico.<\/p>\n<p style=\"text-align:justify;\">Y al d\u00eda siguiente, <strong>lunes 6 de agosto y con pases a las 19:00h. y 21:00h<\/strong>, nos divertiremos con la tercera entrega de <strong>Madagascar. <\/strong>Sus ya archiconocidos personajes: Alex, Marty, Gloria y Merman est\u00e1n decididos a regresar como sea al Zoo de Central Park en Nueva York.<\/p>\n<p style=\"text-align:justify;\"><a href=\"http:\/\/localhost:81\/turismo\/blog\/wp-content\/uploads\/2012\/08\/cartel-madagascar-iii.jpg\"><img loading=\"lazy\" decoding=\"async\" class=\"aligncenter size-medium wp-image-615\" title=\"Cartel Madagascar III\" src=\"http:\/\/localhost:81\/turismo\/blog\/wp-content\/uploads\/2012\/08\/cartel-madagascar-iii.jpg?w=202\" alt=\"\" width=\"202\" height=\"300\" srcset=\"https:\/\/www.turismocaravaca.com\/blog\/wp-content\/uploads\/2012\/08\/cartel-madagascar-iii.jpg 400w, https:\/\/www.turismocaravaca.com\/blog\/wp-content\/uploads\/2012\/08\/cartel-madagascar-iii-202x300.jpg 202w\" sizes=\"(max-width: 202px) 100vw, 202px\" \/><\/a><\/p>\n<p style=\"text-align:justify;\">Tras abandonar \u00c1frica, toman un desv\u00edo y emergen, literalmente, en Europa, persiguiendo a los ping\u00fcinos y chimpanc\u00e9s que se las han arreglado para hacer saltar la banca de un casino de Monte Carlo. Pronto, los animales son descubiertos por la capitana Chantel DuBois, una testaruda francesa encargada del control de animales, y a la que no le gusta nada que unos animales del zoo se encuentren sueltos por su ciudad, \u00a1pero le encanta la idea de cazar un le\u00f3n por primera vez!<\/p>\n<p>\u00a0\u00a0\u00a0\u00a0\u00a0\u00a0\u00a0\u00a0 \u00a0<a href=\"http:\/\/localhost:81\/turismo\/blog\/wp-content\/uploads\/2012\/08\/imagen-2.jpg\"><img loading=\"lazy\" decoding=\"async\" class=\"alignnone size-thumbnail wp-image-616\" title=\"Imagen 2\" src=\"http:\/\/localhost:81\/turismo\/blog\/wp-content\/uploads\/2012\/08\/imagen-2.jpg?w=150\" alt=\"\" width=\"150\" height=\"82\" srcset=\"https:\/\/www.turismocaravaca.com\/blog\/wp-content\/uploads\/2012\/08\/imagen-2.jpg 550w, https:\/\/www.turismocaravaca.com\/blog\/wp-content\/uploads\/2012\/08\/imagen-2-300x164.jpg 300w\" sizes=\"(max-width: 150px) 100vw, 150px\" \/><\/a>\u00a0\u00a0\u00a0\u00a0\u00a0\u00a0\u00a0\u00a0\u00a0\u00a0\u00a0\u00a0\u00a0\u00a0\u00a0\u00a0\u00a0\u00a0\u00a0\u00a0\u00a0 <a href=\"http:\/\/localhost:81\/turismo\/blog\/wp-content\/uploads\/2012\/08\/imagen-1.jpg\"><img loading=\"lazy\" decoding=\"async\" class=\"alignnone size-thumbnail wp-image-617\" title=\"Imagen 1\" src=\"http:\/\/localhost:81\/turismo\/blog\/wp-content\/uploads\/2012\/08\/imagen-1.jpg?w=150\" alt=\"\" width=\"150\" height=\"82\" srcset=\"https:\/\/www.turismocaravaca.com\/blog\/wp-content\/uploads\/2012\/08\/imagen-1.jpg 450w, https:\/\/www.turismocaravaca.com\/blog\/wp-content\/uploads\/2012\/08\/imagen-1-300x165.jpg 300w\" sizes=\"(max-width: 150px) 100vw, 150px\" \/><\/a><\/p>\n<p align=\"center\"><strong>\u00a1\u00a1\u00a1No lo olvides y no te las pierdas!!!<\/strong><\/p>\n<p style=\"text-align:center;\"><strong>El domingo Los Vengadores y el lunes Madagascar III, de Marcha por Europa, en el Teatro Thuillier de Caravaca de la Cruz.<\/strong><\/p>\n<p>\u00a0\u00a0\u00a0\u00a0\u00a0\u00a0\u00a0\u00a0\u00a0\u00a0\u00a0\u00a0\u00a0\u00a0\u00a0 \u00a0\u00a0\u00a0\u00a0\u00a0\u00a0 <a href=\"http:\/\/localhost:81\/turismo\/blog\/wp-content\/uploads\/2012\/08\/cartel-los-vengadores-21.jpg\"><img loading=\"lazy\" decoding=\"async\" class=\"alignnone size-thumbnail wp-image-618\" title=\"Cartel Los Vengadores-2\" src=\"http:\/\/localhost:81\/turismo\/blog\/wp-content\/uploads\/2012\/08\/cartel-los-vengadores-21.jpg?w=101\" alt=\"\" width=\"101\" height=\"150\" srcset=\"https:\/\/www.turismocaravaca.com\/blog\/wp-content\/uploads\/2012\/08\/cartel-los-vengadores-21.jpg 400w, https:\/\/www.turismocaravaca.com\/blog\/wp-content\/uploads\/2012\/08\/cartel-los-vengadores-21-202x300.jpg 202w\" sizes=\"(max-width: 101px) 100vw, 101px\" \/><\/a>\u00a0\u00a0\u00a0\u00a0\u00a0\u00a0\u00a0\u00a0\u00a0\u00a0\u00a0\u00a0\u00a0\u00a0\u00a0\u00a0\u00a0 <a href=\"http:\/\/localhost:81\/turismo\/blog\/wp-content\/uploads\/2012\/08\/cartel-madagascar-iii-2.jpg\"><img loading=\"lazy\" decoding=\"async\" class=\"alignnone size-thumbnail wp-image-619\" title=\"Cartel Madagascar III-2\" src=\"http:\/\/localhost:81\/turismo\/blog\/wp-content\/uploads\/2012\/08\/cartel-madagascar-iii-2.jpg?w=101\" alt=\"\" width=\"101\" height=\"150\" srcset=\"https:\/\/www.turismocaravaca.com\/blog\/wp-content\/uploads\/2012\/08\/cartel-madagascar-iii-2.jpg 400w, https:\/\/www.turismocaravaca.com\/blog\/wp-content\/uploads\/2012\/08\/cartel-madagascar-iii-2-202x300.jpg 202w\" sizes=\"(max-width: 101px) 100vw, 101px\" \/><\/a><\/p>\n","protected":false},"excerpt":{"rendered":"<p>S\u00ed amigos, porque esta semana no tendremos Cine solamente el lunes, tal y como est\u00e1bamos acostumbrados, sino que tambi\u00e9n este pr\u00f3ximo domingo\u2026te cuento: \u201cLos Vengadores\u201d, llega a la gran pantalla del Teatro Thuillier, repleta de acci\u00f3n y de espectaculares efectos especiales, el domingo 5 de agosto con un solo pase a las 20:30h., con el [&hellip;]<\/p>\n","protected":false},"author":2,"featured_media":0,"comment_status":"open","ping_status":"open","sticky":false,"template":"","format":"standard","meta":{"footnotes":""},"categories":[3,2126],"tags":[364,475,849,1935],"class_list":["post-611","post","type-post","status-publish","format-standard","hentry","category-actividades","category-espanol","tag-caravaca-de-la-cruz","tag-cine","tag-estreno","tag-thuillier"],"_links":{"self":[{"href":"https:\/\/www.turismocaravaca.com\/blog\/wp-json\/wp\/v2\/posts\/611"}],"collection":[{"href":"https:\/\/www.turismocaravaca.com\/blog\/wp-json\/wp\/v2\/posts"}],"about":[{"href":"https:\/\/www.turismocaravaca.com\/blog\/wp-json\/wp\/v2\/types\/post"}],"author":[{"embeddable":true,"href":"https:\/\/www.turismocaravaca.com\/blog\/wp-json\/wp\/v2\/users\/2"}],"replies":[{"embeddable":true,"href":"https:\/\/www.turismocaravaca.com\/blog\/wp-json\/wp\/v2\/comments?post=611"}],"version-history":[{"count":1,"href":"https:\/\/www.turismocaravaca.com\/blog\/wp-json\/wp\/v2\/posts\/611\/revisions"}],"predecessor-version":[{"id":6233,"href":"https:\/\/www.turismocaravaca.com\/blog\/wp-json\/wp\/v2\/posts\/611\/revisions\/6233"}],"wp:attachment":[{"href":"https:\/\/www.turismocaravaca.com\/blog\/wp-json\/wp\/v2\/media?parent=611"}],"wp:term":[{"taxonomy":"category","embeddable":true,"href":"https:\/\/www.turismocaravaca.com\/blog\/wp-json\/wp\/v2\/categories?post=611"},{"taxonomy":"post_tag","embeddable":true,"href":"https:\/\/www.turismocaravaca.com\/blog\/wp-json\/wp\/v2\/tags?post=611"}],"curies":[{"name":"wp","href":"https:\/\/api.w.org\/{rel}","templated":true}]}}