{"id":626,"date":"2012-08-09T07:37:17","date_gmt":"2012-08-09T07:37:17","guid":{"rendered":"http:\/\/turismocaravaca.wordpress.com\/?p=626"},"modified":"2017-09-04T16:38:23","modified_gmt":"2017-09-04T16:38:23","slug":"continua-el-ciclo-de-conciertos-a-la-luna-de-barranda","status":"publish","type":"post","link":"https:\/\/www.turismocaravaca.com\/blog\/continua-el-ciclo-de-conciertos-a-la-luna-de-barranda\/","title":{"rendered":"Contin\u00faa el Ciclo de Conciertos &quot;A la Luna de Barranda&quot;"},"content":{"rendered":"<p style=\"text-align:justify;\"><a href=\"http:\/\/localhost:81\/turismo\/blog\/wp-content\/uploads\/2012\/08\/la-luna-de-barranda-2012.jpg\"><img loading=\"lazy\" decoding=\"async\" class=\"alignleft  wp-image-627\" title=\"LA LUNA DE BARRANDA 2012\" src=\"http:\/\/localhost:81\/turismo\/blog\/wp-content\/uploads\/2012\/08\/la-luna-de-barranda-2012.jpg?w=102\" alt=\"\" width=\"94\" height=\"135\" \/><\/a>Este s\u00e1bado, 11 de agosto, no olvides que pueden seguir disfrutando del ciclo de conciertos <em><strong>\u00abA la luna de Barranda\u00bb.<\/strong> <\/em>En esta ocasi\u00f3n llega el grupo murciano\u00a0<strong>Los Mara\u00f1ones<\/strong>, que nos ofrecer\u00e1n a trav\u00e9s de su m\u00fasica su peculiar modo de ver el Rock.<\/p>\n<p style=\"text-align:justify;\"><a href=\"http:\/\/localhost:81\/turismo\/blog\/wp-content\/uploads\/2012\/08\/imc3a1gen-marac3b1ones.jpg\"><img loading=\"lazy\" decoding=\"async\" class=\"aligncenter  wp-image-628\" title=\"Im\u00e1gen Mara\u00f1ones\" src=\"http:\/\/localhost:81\/turismo\/blog\/wp-content\/uploads\/2012\/08\/imc3a1gen-marac3b1ones.jpg?w=300\" alt=\"\" width=\"291\" height=\"215\" \/><\/a><\/p>\n<p style=\"text-align:justify;\">El concierto se celebrar\u00e1 a las <strong>22:00 horas <\/strong>en el patio del Museo de la M\u00fasica \u00c9tnica de Barranda y\u00a0<strong>la entrada ser\u00e1 libre hasta completar aforo. <\/strong><\/p>\n","protected":false},"excerpt":{"rendered":"<p>Este s\u00e1bado, 11 de agosto, no olvides que pueden seguir disfrutando del ciclo de conciertos \u00abA la luna de Barranda\u00bb. En esta ocasi\u00f3n llega el grupo murciano\u00a0Los Mara\u00f1ones, que nos ofrecer\u00e1n a trav\u00e9s de su m\u00fasica su peculiar modo de ver el Rock. El concierto se celebrar\u00e1 a las 22:00 horas en el patio del [&hellip;]<\/p>\n","protected":false},"author":2,"featured_media":0,"comment_status":"open","ping_status":"open","sticky":false,"template":"","format":"standard","meta":{"footnotes":""},"categories":[3,2126],"tags":[73,258,534,1287,1408,1424],"class_list":["post-626","post","type-post","status-publish","format-standard","hentry","category-actividades","category-espanol","tag-a-la-luna-de-barranda","tag-barranda","tag-concierto","tag-maranones","tag-museo-de-la-musica-etnica","tag-musica"],"_links":{"self":[{"href":"https:\/\/www.turismocaravaca.com\/blog\/wp-json\/wp\/v2\/posts\/626"}],"collection":[{"href":"https:\/\/www.turismocaravaca.com\/blog\/wp-json\/wp\/v2\/posts"}],"about":[{"href":"https:\/\/www.turismocaravaca.com\/blog\/wp-json\/wp\/v2\/types\/post"}],"author":[{"embeddable":true,"href":"https:\/\/www.turismocaravaca.com\/blog\/wp-json\/wp\/v2\/users\/2"}],"replies":[{"embeddable":true,"href":"https:\/\/www.turismocaravaca.com\/blog\/wp-json\/wp\/v2\/comments?post=626"}],"version-history":[{"count":1,"href":"https:\/\/www.turismocaravaca.com\/blog\/wp-json\/wp\/v2\/posts\/626\/revisions"}],"predecessor-version":[{"id":6232,"href":"https:\/\/www.turismocaravaca.com\/blog\/wp-json\/wp\/v2\/posts\/626\/revisions\/6232"}],"wp:attachment":[{"href":"https:\/\/www.turismocaravaca.com\/blog\/wp-json\/wp\/v2\/media?parent=626"}],"wp:term":[{"taxonomy":"category","embeddable":true,"href":"https:\/\/www.turismocaravaca.com\/blog\/wp-json\/wp\/v2\/categories?post=626"},{"taxonomy":"post_tag","embeddable":true,"href":"https:\/\/www.turismocaravaca.com\/blog\/wp-json\/wp\/v2\/tags?post=626"}],"curies":[{"name":"wp","href":"https:\/\/api.w.org\/{rel}","templated":true}]}}