{"id":6662,"date":"2017-09-12T12:00:14","date_gmt":"2017-09-12T12:00:14","guid":{"rendered":"http:\/\/www.turismocaravaca.com\/blog\/?p=6662"},"modified":"2017-09-12T12:00:14","modified_gmt":"2017-09-12T12:00:14","slug":"iglesia-de-la-soledad-actualmente-museo-arqueologico","status":"publish","type":"post","link":"https:\/\/www.turismocaravaca.com\/blog\/iglesia-de-la-soledad-actualmente-museo-arqueologico\/","title":{"rendered":"IGLESIA DE LA SOLEDAD \/ ACTUALMENTE MUSEO ARQUEOL\u00d3GICO"},"content":{"rendered":"<div class=\"detalleParrafo\">\n<p style=\"text-align: justify;\"><img loading=\"lazy\" decoding=\"async\" class=\"aligncenter wp-image-6663 size-full\" src=\"https:\/\/www.turismocaravaca.com\/blog\/wp-content\/uploads\/2017\/09\/IglesiadelaSoledad.jpg\" alt=\"\" width=\"720\" height=\"540\" srcset=\"https:\/\/www.turismocaravaca.com\/blog\/wp-content\/uploads\/2017\/09\/IglesiadelaSoledad.jpg 720w, https:\/\/www.turismocaravaca.com\/blog\/wp-content\/uploads\/2017\/09\/IglesiadelaSoledad-300x225.jpg 300w\" sizes=\"(max-width: 720px) 100vw, 720px\" \/><\/p>\n<p style=\"text-align: justify;\"><strong>Antigua iglesia parroquial<\/strong><\/p>\n<p style=\"text-align: justify;\">Sirvi\u00f3 de iglesia Parroquial hasta que, casi concluida la actual Iglesia Mayor del Salvador, se traslad\u00f3 a \u00e9sta el Sant\u00edsimo Sacramento en 1571. El templo pertenece a una vinculaci\u00f3n que disfruta la Casa del Conde de Clavijo, anexionada a la iglesia y actualmente propiedad del Excmo. Ayuntamiento de la Ciudad.<\/p>\n<p style=\"text-align: justify;\"><strong>Restauraciones realizadas<\/strong><\/p>\n<p style=\"text-align: justify;\">El edificio fue restaurado, cuando amenazaba completa ruina, en 1968, por la direcci\u00f3n General de Arquitectura del Ministerio de la Vivienda, dirigiendo las obras el arquitecto V\u00edctor Caballero Hungr\u00eda.<\/p>\n<p style=\"text-align: justify;\"><strong>Bien de Inter\u00e9s Cultural<\/strong><\/p>\n<p style=\"text-align: justify;\">Desde el d\u00eda 30 de mayo de 1997, tiene concedida la declaraci\u00f3n de Bien de Inter\u00e9s Cultural (B.O.R.M. Decreto 43\/1985, de 30 de mayo), hall\u00e1ndose incluida en el conjunto Hist\u00f3rico Art\u00edstico de Caravaca de la Cruz (B.O.R.M. Decreto 43\/1985, de 12 de junio) y estando afectada por la normativa legal del Plan Especial de Reforma Interior y Protecci\u00f3n del Casco Antiguo redactado al efecto.<\/p>\n<p style=\"text-align: justify;\"><strong>Personajes<\/strong><\/p>\n<p style=\"text-align: justify;\">Entre los personajes relacionados con la historia del edificio, destacamos los siguientes:<\/p>\n<p style=\"text-align: justify;\"><strong>Pedro Monte de Isla<\/strong>. Razones de tipo estil\u00edstico emparentan la portada lateral, con pilastras y capiteles modill\u00f3n, con las soluciones ejecutadas por Pedro de Monte en Murcia (portadas del Contraste,\u00a0 hoy en el Museo de Bellas Artes, y portada posterior del Almud\u00ed).<\/p>\n<p style=\"text-align: justify;\"><strong>Condes de Clavijo<\/strong>. La iglesia de Nuestra Se\u00f1ora La Soledad se levant\u00f3 sobre una propiedad de los Condes de Clavijo<\/p>\n<\/div>\n<p style=\"text-align: center;\"><img loading=\"lazy\" decoding=\"async\" class=\"aligncenter wp-image-6664 size-full\" src=\"https:\/\/www.turismocaravaca.com\/blog\/wp-content\/uploads\/2017\/09\/Lateralizquierdodelaiglesia.jpg\" alt=\"\" width=\"540\" height=\"720\" srcset=\"https:\/\/www.turismocaravaca.com\/blog\/wp-content\/uploads\/2017\/09\/Lateralizquierdodelaiglesia.jpg 540w, https:\/\/www.turismocaravaca.com\/blog\/wp-content\/uploads\/2017\/09\/Lateralizquierdodelaiglesia-225x300.jpg 225w\" sizes=\"(max-width: 540px) 100vw, 540px\" \/><\/p>\n<div class=\"detalleParrafo\">\n<p style=\"text-align: justify;\">Se trata de un templo de la segunda mitad del siglo XVI, asentado posiblemente en el solar de una anterior ermita g\u00f3tica. Es una iglesia columnaria de tres naves, cubierta con nueve b\u00f3vedas va\u00eddas de muy esbeltas y armoniosas proporciones, de planta cuadrada, y tres tramos por nave. Tiene columnas de orden toscano sobre pedestales o plintos.<\/p>\n<p style=\"text-align: justify;\">El exterior destaca por su car\u00e1cter de fortaleza y por sus grandes y acentuados contrafuertes, tanto rectangulares, como circulares en las esquinas. Todo ello de canter\u00eda. Una cornisa corrida de ladrillo, de singular belleza, remata el conjunto. Las puertas y ventanas son de estilo renacentista; la lateral, del siglo XVII se adscribe al Barroco, aunque con extremada moderaci\u00f3n.<\/p>\n<p style=\"text-align: justify;\">En la actualidad carece de presbiterio y coro, \u00e9ste se levantaba a los pies, desapareciendo en obras de restauraci\u00f3n. Tuvo espada\u00f1a y no torre, de ladrillo, demolida en 1966 ante el inminente peligro de ruina.<\/p>\n<p style=\"text-align: justify;\">Su patrimonio mueble (retablos, pila bautismal y \u00fatiles sagrados que constitu\u00edan su ajuar) se encuentra repartido, desde el siglo XVI, por otras iglesias de Caravaca.<\/p>\n<p><img loading=\"lazy\" decoding=\"async\" class=\"aligncenter wp-image-6665 size-full\" src=\"https:\/\/www.turismocaravaca.com\/blog\/wp-content\/uploads\/2017\/09\/Interiordelaiglesia7.jpg\" alt=\"\" width=\"540\" height=\"720\" srcset=\"https:\/\/www.turismocaravaca.com\/blog\/wp-content\/uploads\/2017\/09\/Interiordelaiglesia7.jpg 540w, https:\/\/www.turismocaravaca.com\/blog\/wp-content\/uploads\/2017\/09\/Interiordelaiglesia7-225x300.jpg 225w\" sizes=\"(max-width: 540px) 100vw, 540px\" \/><\/p>\n<p>En la actualidad el templo de la Soledad se ha convertido en Museo Arqueol\u00f3gico Local. En la entrada principal destaca el dintel formado por una l\u00e1pida romana honor\u00edfica procedente del Sitio Hist\u00f3rico del Estrecho de las Cuevas de la Encarnaci\u00f3n.<\/p>\n<p><strong>Titularidad:<\/strong> Museo Arqueol\u00f3gico<\/p>\n<p><strong>Grado de protecci\u00f3n:<\/strong> incoado BIC<\/p>\n<p><strong>Estilo:<\/strong> Renacentista<\/p>\n<p><strong>Periodo<\/strong>: Siglo XVI<\/p>\n<\/div>\n<div id=\"tt\">\n<p><strong>Direcci\u00f3n:<\/strong> C\/ Santa Ana.Caravaca de la Cruz<\/p>\n<\/div>\n<p>Fuente: http:\/\/www.regmurcia.com<\/p>\n<p>&nbsp;<\/p>\n","protected":false},"excerpt":{"rendered":"<p>Antigua iglesia parroquial Sirvi\u00f3 de iglesia Parroquial hasta que, casi concluida la actual Iglesia Mayor del Salvador, se traslad\u00f3 a \u00e9sta el Sant\u00edsimo Sacramento en 1571. El templo pertenece a una vinculaci\u00f3n que disfruta la Casa del Conde de Clavijo, anexionada a la iglesia y actualmente propiedad del Excmo. Ayuntamiento de la Ciudad. Restauraciones realizadas [&hellip;]<\/p>\n","protected":false},"author":2,"featured_media":0,"comment_status":"open","ping_status":"open","sticky":false,"template":"","format":"standard","meta":{"footnotes":""},"categories":[2126,21],"tags":[],"class_list":["post-6662","post","type-post","status-publish","format-standard","hentry","category-espanol","category-iglesias"],"_links":{"self":[{"href":"https:\/\/www.turismocaravaca.com\/blog\/wp-json\/wp\/v2\/posts\/6662"}],"collection":[{"href":"https:\/\/www.turismocaravaca.com\/blog\/wp-json\/wp\/v2\/posts"}],"about":[{"href":"https:\/\/www.turismocaravaca.com\/blog\/wp-json\/wp\/v2\/types\/post"}],"author":[{"embeddable":true,"href":"https:\/\/www.turismocaravaca.com\/blog\/wp-json\/wp\/v2\/users\/2"}],"replies":[{"embeddable":true,"href":"https:\/\/www.turismocaravaca.com\/blog\/wp-json\/wp\/v2\/comments?post=6662"}],"version-history":[{"count":1,"href":"https:\/\/www.turismocaravaca.com\/blog\/wp-json\/wp\/v2\/posts\/6662\/revisions"}],"predecessor-version":[{"id":6666,"href":"https:\/\/www.turismocaravaca.com\/blog\/wp-json\/wp\/v2\/posts\/6662\/revisions\/6666"}],"wp:attachment":[{"href":"https:\/\/www.turismocaravaca.com\/blog\/wp-json\/wp\/v2\/media?parent=6662"}],"wp:term":[{"taxonomy":"category","embeddable":true,"href":"https:\/\/www.turismocaravaca.com\/blog\/wp-json\/wp\/v2\/categories?post=6662"},{"taxonomy":"post_tag","embeddable":true,"href":"https:\/\/www.turismocaravaca.com\/blog\/wp-json\/wp\/v2\/tags?post=6662"}],"curies":[{"name":"wp","href":"https:\/\/api.w.org\/{rel}","templated":true}]}}